{"id":1223057,"date":"2021-03-19T21:27:46","date_gmt":"2021-03-20T03:27:46","guid":{"rendered":"https:\/\/www.acapulcopress.com\/?p=1223057"},"modified":"2021-03-19T21:27:46","modified_gmt":"2021-03-20T03:27:46","slug":"1223057","status":"publish","type":"post","link":"https:\/\/www.acapulcopress.com\/index.php\/2021\/03\/19\/1223057\/","title":{"rendered":"Hay denuncias muy claras contra Diana S\u00e1nchez Barrios | Sheinbaum"},"content":{"rendered":"<p style=\"text-align: justify;\">CIUDAD DE M\u00c9XICO * 19 de marzo de 2021.<br \/>\n<em>] <a href=\"https:\/\/www.proceso.com.mx\/nacional\/2021\/3\/19\/hay-denuncias-muy-claras-contra-la-lideresa-diana-sanchez-barrios-sheinbaum-260389.html\" target=\"_blank\" rel=\"noopener\">Apro<\/a>.<\/em><\/p>\n<p style=\"text-align: justify;\">La jefa de gobierno, Claudia Sheinbaum, rechaz\u00f3 que la detenci\u00f3n de la lideresa de comerciantes ambulantes, Diana S\u00e1nchez Barrios, se deba a motivos pol\u00edticos y aclar\u00f3 que se trata de un asunto penal derivado de denuncias \u201cmuy claras\u201d por delincuencia.<\/p>\n<p style=\"text-align: justify;\"><img loading=\"lazy\" decoding=\"async\" class=\"alignleft size-medium wp-image-1223060\" src=\"https:\/\/www.acapulco.press\/wp-content\/uploads\/2021\/03\/Diana-Sanchez-Barrios-375x211.jpg\" alt=\"\" width=\"375\" height=\"211\" \/>El mi\u00e9rcoles 17 por la noche, la tambi\u00e9n activista y candidata a diputada local por la alianza \u201cVa por la CDMX\u201d \u2013del PRI, PAN y PRD- fue detenida bajo la acusaci\u00f3n de extorsi\u00f3n y robo en pandilla agravados. Sin embargo, ella asegur\u00f3 que era por persecuci\u00f3n pol\u00edtica y se\u00f1al\u00f3 directamente al gobierno de Sheinbaum Pardo.<\/p>\n<p style=\"text-align: justify;\">Cuestionada al respecto este viernes, la mandataria local revir\u00f3: \u201cYo dir\u00eda al rev\u00e9s: \u00bfQui\u00e9n pone de candidato a una persona que tiene una orden de aprehensi\u00f3n? O sea, no se puede responsabilizar de un asunto pol\u00edtico de una persona que es un delincuente o una delincuente\u201d.<\/p>\n<p style=\"text-align: justify;\">La mandataria local asegur\u00f3 que dicha detenci\u00f3n es un asunto penal del que la Fiscal\u00eda General de Justicia de la CDMX (FGJCDMX) ya ten\u00eda denuncias \u201cde mucho tiempo\u201d, as\u00ed como la investigaci\u00f3n que lleva la Unidad de Investigaci\u00f3n Financiera (UIF).<\/p>\n<p style=\"text-align: justify;\">En este caso, dijo que la Fiscal\u00eda que dirige Ernestina Godoy tiene \u201cdenuncias muy claras, muy, muy claras\u201d contra S\u00e1nchez Barrios y por ello, est\u00e1 obligada a investigar.<\/p>\n<p style=\"text-align: justify;\">Y a\u00f1adi\u00f3: \u201cLa Fiscal\u00eda ha solicitado \u00f3rdenes de aprehensi\u00f3n frente a una carpeta justificada de muy diversos tipos de casos. Si hay alguien que tiene que ver con la pol\u00edtica, pues no tiene absolutamente nada que ver con que tenga una carpeta de investigaci\u00f3n y que el juez ordene una detenci\u00f3n\u201d.<\/p>\n<p style=\"text-align: justify;\">De paso, record\u00f3 que \u201cse debe separar muy claramente entre lo que es la pol\u00edtica y lo que es la investigaci\u00f3n asociada a la delincuencia, a delitos\u201d.<\/p>\n<p style=\"text-align: justify;\">La morenista asegur\u00f3 que en su gobierno \u201cno establecemos ninguna relaci\u00f3n delincuencial con absolutamente nadie, ni tampoco relaciones que tenga que ver con clientelismos pol\u00edticos ni mucho menos. Siempre hemos luchado contra eso y hoy, como jefa de gobierno, evidentemente actuamos de esa forma\u201d.<\/p>\n<p style=\"text-align: justify;\">-\u00bfEntonces no es ir contra el PRI y contra esta alianza con el PAN y el PRD?, le pregunt\u00f3 la prensa.<\/p>\n<p style=\"text-align: justify;\">-No, es un asunto delincuencial. Y por eso la Fiscal\u00eda es quien debe contestar estas preguntas, respondi\u00f3.<\/p>\n","protected":false},"excerpt":{"rendered":"<p>CIUDAD DE M\u00c9XICO * 19 de marzo de 2021. ] Apro. La jefa de gobierno, Claudia Sheinbaum, rechaz\u00f3 que la detenci\u00f3n de la lideresa de comerciantes ambulantes, Diana S\u00e1nchez Barrios, se deba a motivos pol\u00edticos y aclar\u00f3 que se trata de un asunto penal derivado de denuncias \u201cmuy claras\u201d por delincuencia. El mi\u00e9rcoles 17 por&#8230;<\/p>\n","protected":false},"author":2,"featured_media":1223058,"comment_status":"closed","ping_status":"closed","sticky":false,"template":"","format":"standard","meta":{"footnotes":""},"categories":[1969],"tags":[5851,7276,14914],"class_list":["post-1223057","post","type-post","status-publish","format-standard","has-post-thumbnail","hentry","category-trending","tag-claudia-sheinbaum","tag-diana-sanchez-barios","tag-pri"],"_links":{"self":[{"href":"https:\/\/www.acapulcopress.com\/index.php\/wp-json\/wp\/v2\/posts\/1223057","targetHints":{"allow":["GET"]}}],"collection":[{"href":"https:\/\/www.acapulcopress.com\/index.php\/wp-json\/wp\/v2\/posts"}],"about":[{"href":"https:\/\/www.acapulcopress.com\/index.php\/wp-json\/wp\/v2\/types\/post"}],"author":[{"embeddable":true,"href":"https:\/\/www.acapulcopress.com\/index.php\/wp-json\/wp\/v2\/users\/2"}],"replies":[{"embeddable":true,"href":"https:\/\/www.acapulcopress.com\/index.php\/wp-json\/wp\/v2\/comments?post=1223057"}],"version-history":[{"count":0,"href":"https:\/\/www.acapulcopress.com\/index.php\/wp-json\/wp\/v2\/posts\/1223057\/revisions"}],"wp:featuredmedia":[{"embeddable":true,"href":"https:\/\/www.acapulcopress.com\/index.php\/wp-json\/"}],"wp:attachment":[{"href":"https:\/\/www.acapulcopress.com\/index.php\/wp-json\/wp\/v2\/media?parent=1223057"}],"wp:term":[{"taxonomy":"category","embeddable":true,"href":"https:\/\/www.acapulcopress.com\/index.php\/wp-json\/wp\/v2\/categories?post=1223057"},{"taxonomy":"post_tag","embeddable":true,"href":"https:\/\/www.acapulcopress.com\/index.php\/wp-json\/wp\/v2\/tags?post=1223057"}],"curies":[{"name":"wp","href":"https:\/\/api.w.org\/{rel}","templated":true}]}}