{"id":1223067,"date":"2021-03-19T16:48:08","date_gmt":"2021-03-19T22:48:08","guid":{"rendered":"https:\/\/www.acapulcopress.com\/?p=1223067"},"modified":"2021-03-19T16:48:08","modified_gmt":"2021-03-19T22:48:08","slug":"amplian-programa-de-vacunacion-en-acapulco","status":"publish","type":"post","link":"https:\/\/www.acapulcopress.com\/index.php\/2021\/03\/19\/amplian-programa-de-vacunacion-en-acapulco\/","title":{"rendered":"Ampl\u00edan vacunaci\u00f3n Covid19 en Acapulco"},"content":{"rendered":"<p style=\"text-align: justify;\">CHILPANCINGO * 19 de marzo de 2021.<br \/>\n<em>] Gobierno de Guerrero.<\/em><\/p>\n<p style=\"text-align: justify;\">El gobernador H\u00e9ctor Astudillo Flores anunci\u00f3 que resultado de la gesti\u00f3n ante la federaci\u00f3n se autoriz\u00f3 extender la aplicaci\u00f3n de la vacuna contra el Covid, por lo que los adultos mayores cuyo apellido paterno comiencen con C, D y E deber\u00e1n acudir este s\u00e1bado a las distintas sedes.<\/p>\n<p style=\"text-align: justify;\">Al respecto el mandatario estatal agradeci\u00f3 el apoyo del delegado de los programas federales en Guerrero, Iv\u00e1n Hern\u00e1ndez D\u00edaz.<\/p>\n<p style=\"text-align: justify;\">Dejo en claro que la vacunaci\u00f3n en Acapulco no se va a y se dar\u00e1 continuidad de acuerdo a la disponibilidad de las vacunas. Adicionalmente se sigue trabajando en la Costa Chica y en fechas pr\u00f3ximas se iniciar\u00e1 con otros municipios.<\/p>\n<p style=\"text-align: justify;\">Ante esto el gobernador dijo que la administraci\u00f3n que encabeza seguir\u00e1 ayudando al gobierno federal para continuar con la vacunaci\u00f3n; le pidi\u00f3 a los beneficiarios ser respetuosos con los procesos y estar atentos a todas las indicaciones por parte de las autoridades.<\/p>\n<p style=\"text-align: justify;\">En este contexto el mandatario estatal dijo que es necesario seguir redoblando esfuerzos porque \u201clamentablemente esto no ha terminado\u201d; de igual manera expres\u00f3 su reconocimiento al personal m\u00e9dico, enfermeras, camilleros y a todos quienes han estado al frente de la atenci\u00f3n de la pandemia y su solidaridad a quienes han perdido a familiares a consecuencia del Covid-19.<\/p>\n<p style=\"text-align: justify;\">Indic\u00f3 que de acuerdo a lo informado por la Federaci\u00f3n, el estado de Guerrero se mantiene en color amarillo, pero destac\u00f3 que la entidad subi\u00f3 un punto en los par\u00e1metros que se toman en cuenta para determinar su posici\u00f3n en el sem\u00e1foro epidemiol\u00f3gico. Por ello insisti\u00f3 en su llamado a la poblaci\u00f3n para que se sigan cuidando y no bajen la guardia, sobre todo ante la cercan\u00eda del periodo vacacional de Semana Santa y Pascua.<\/p>\n<p style=\"text-align: justify;\">\u201cMe hubiera gustado mejor bajarlo y no subirlo, pero seguimos en sem\u00e1foro amarillo y dentro de dos semanas entramos a la Semana Santa. Hay que cuidarnos mucho\u201d, dijo.<\/p>\n<p style=\"text-align: justify;\">En su participaci\u00f3n el secretario de Salud, Carlos de la Pe\u00f1a Pintos se refiri\u00f3 a este respecto y de manera particular habl\u00f3 sobre la sede del F\u00f3rum Mundo Imperial, en donde se realiza la vacunaci\u00f3n a bordo de los veh\u00edculos e hizo un llamado para que acudan \u00fanica y exclusivamente aquellas personas que viven en Acapulco y se encuentran en una situaci\u00f3n especial de postraci\u00f3n o discapacidad.<\/p>\n<p style=\"text-align: justify;\">En cuanto a los n\u00fameros del Covid-19 en la entidad, hasta este viernes el estado acumula 38 mil 885 casos confirmados, 3 mil 895 defunciones, 115 casos nuevos y hay 594 activos.<\/p>\n<p style=\"text-align: justify;\">Se mantiene una tendencia a la baja en los distintos indicadores y en cuanto a la hospitalizaci\u00f3n hay 175 pacientes, de los cuales 38 se encuentran en estado cr\u00edtico intubados.<\/p>\n<p style=\"text-align: justify;\">Las defunciones registran un promedio diario de 11.8 en marzo, acumulando 212 en lo que va del mes. Hay un 24 por ciento de ocupaci\u00f3n hospitalaria, con un punto por arriba de la media nacional que es de 23; mientras que en ocupaci\u00f3n de camas con ventilador se registra 15 por ciento de ocupaci\u00f3n, por debajo de la media nacional, que es de 27.<\/p>\n","protected":false},"excerpt":{"rendered":"<p>CHILPANCINGO * 19 de marzo de 2021. ] Gobierno de Guerrero. El gobernador H\u00e9ctor Astudillo Flores anunci\u00f3 que resultado de la gesti\u00f3n ante la federaci\u00f3n se autoriz\u00f3 extender la aplicaci\u00f3n de la vacuna contra el Covid, por lo que los adultos mayores cuyo apellido paterno comiencen con C, D y E deber\u00e1n acudir este s\u00e1bado&#8230;<\/p>\n","protected":false},"author":2,"featured_media":1223068,"comment_status":"closed","ping_status":"closed","sticky":false,"template":"","format":"standard","meta":{"footnotes":""},"categories":[1972,18574,1997],"tags":[6705,9302,9705,16421,17728],"class_list":["post-1223067","post","type-post","status-publish","format-standard","has-post-thumbnail","hentry","category-special","category-gobierno-la-foto","category-noticias-destacadas","tag-covid19","tag-gobierno-de-guerrero","tag-hector-astudillo-flores","tag-semaforo-de-riesgo-covid19","tag-vacuna-covid19"],"_links":{"self":[{"href":"https:\/\/www.acapulcopress.com\/index.php\/wp-json\/wp\/v2\/posts\/1223067","targetHints":{"allow":["GET"]}}],"collection":[{"href":"https:\/\/www.acapulcopress.com\/index.php\/wp-json\/wp\/v2\/posts"}],"about":[{"href":"https:\/\/www.acapulcopress.com\/index.php\/wp-json\/wp\/v2\/types\/post"}],"author":[{"embeddable":true,"href":"https:\/\/www.acapulcopress.com\/index.php\/wp-json\/wp\/v2\/users\/2"}],"replies":[{"embeddable":true,"href":"https:\/\/www.acapulcopress.com\/index.php\/wp-json\/wp\/v2\/comments?post=1223067"}],"version-history":[{"count":0,"href":"https:\/\/www.acapulcopress.com\/index.php\/wp-json\/wp\/v2\/posts\/1223067\/revisions"}],"wp:featuredmedia":[{"embeddable":true,"href":"https:\/\/www.acapulcopress.com\/index.php\/wp-json\/"}],"wp:attachment":[{"href":"https:\/\/www.acapulcopress.com\/index.php\/wp-json\/wp\/v2\/media?parent=1223067"}],"wp:term":[{"taxonomy":"category","embeddable":true,"href":"https:\/\/www.acapulcopress.com\/index.php\/wp-json\/wp\/v2\/categories?post=1223067"},{"taxonomy":"post_tag","embeddable":true,"href":"https:\/\/www.acapulcopress.com\/index.php\/wp-json\/wp\/v2\/tags?post=1223067"}],"curies":[{"name":"wp","href":"https:\/\/api.w.org\/{rel}","templated":true}]}}