{"id":1223086,"date":"2021-03-20T17:48:37","date_gmt":"2021-03-20T23:48:37","guid":{"rendered":"https:\/\/www.acapulcopress.com\/?p=1223086"},"modified":"2021-03-20T17:48:37","modified_gmt":"2021-03-20T23:48:37","slug":"queremos-un-gobernador-que-nos-respete-no-un-agresor-piden-feministas-a-mario-moreno","status":"publish","type":"post","link":"https:\/\/www.acapulcopress.com\/index.php\/2021\/03\/20\/queremos-un-gobernador-que-nos-respete-no-un-agresor-piden-feministas-a-mario-moreno\/","title":{"rendered":"Queremos un Gobernador que nos respete, no un agresor, piden feministas a Mario Moreno"},"content":{"rendered":"<p style=\"text-align: justify;\"><img loading=\"lazy\" decoding=\"async\" class=\"alignnone wp-image-1223087 size-large\" src=\"https:\/\/www.acapulco.press\/wp-content\/uploads\/2021\/03\/MMA-MONTANA-840x560.jpg\" alt=\"\" width=\"840\" height=\"560\" \/><\/p>\n<p style=\"text-align: justify;\">HUAMUXTITL\u00c1N * 20 de marzo de 2021.<br \/>\n<em>] Redaci\u00f3n \/ Acapulco Press.<\/em><\/p>\n<p style=\"text-align: justify;\">En Alpoyeca, Huamuxtitl\u00e1n y Xochihuehuetl\u00e1n, las mujeres de la Monta\u00f1a guerrerenses dijeron, sin rodeos ,al candidato de la coalici\u00f3n <em>#VaXGuerrero<\/em>, Mario Moreno Arcos: \u201cAqu\u00ed est\u00e1 la esencia del feminismo, aqu\u00ed no nos <img loading=\"lazy\" decoding=\"async\" class=\"alignleft size-medium wp-image-1223092\" src=\"https:\/\/www.acapulco.press\/wp-content\/uploads\/2021\/03\/MMA-MONTANA5-375x250.jpg\" alt=\"\" width=\"375\" height=\"250\" \/>agreden y no nos faltan al respeto; \u00a1necesitamos tener al gobernador del respeto!\u201d.<\/p>\n<p style=\"text-align: justify;\">En respuesta, el abanderado del PRI\/PRD, se comprometi\u00f3 a defender los derechos de todas las mujeres de Guerrero y atenderlas con prioridad en su gobierno.<\/p>\n<p style=\"text-align: justify;\">Asimismo, hizun compromiso con los campesinos de la regi\u00f3n para acabar con los acaparadores de la producci\u00f3n de los campesinos y artesanos guerrerenses.<\/p>\n<p style=\"text-align: justify;\">Moreno Arcos anunci\u00f3 que su gobierno brindar\u00e1 asesor\u00eda a <img loading=\"lazy\" decoding=\"async\" class=\"alignleft size-medium wp-image-1223091\" src=\"https:\/\/www.acapulco.press\/wp-content\/uploads\/2021\/03\/MMA-MONTANA4-375x252.jpg\" alt=\"\" width=\"375\" height=\"252\" \/>los campesinos para potenciar su producci\u00f3n, pero tambi\u00e9n para evitar que \u201cacaparadores\u201d de otros estados se lleven a muy bajo costo la mercanc\u00eda hecha en Guerrero.<\/p>\n<p style=\"text-align: justify;\">\u201cS\u00e9 lo que necesitan, s\u00e9 sus carencias y necesidades, por eso vamos a tecnificar el campo y vamos a otorgar asesor\u00eda a campesinos para que dupliquen su producci\u00f3n\u201d, enfatiz\u00f3 en un encuentro con estructuras del PRI y PRD de los municipios de Huamuxtitl\u00e1n, Alpoyeca y Xochihuehuetl\u00e1n, en los que estuvieron presentes, entre otros, Olga G\u00e1lvez Pacheco, presidenta del Comit\u00e9 Municipal del PRI de Huamuxtitl\u00e1n, y Rosalinda Mata Saucedo, coordinadora del Distrito local 27 del PRI en esa regi\u00f3n.<\/p>\n<p style=\"text-align: justify;\">A nombre de las mujeres de la regi\u00f3n, Soledad Romero Espinal, coordinadora del PRD en Huamuxtitl\u00e1n, le dijo a Mario: \u201cAqu\u00ed est\u00e1 la esencia del feminismo, aqu\u00ed no nos agreden y no nos faltan al respeto, necesitamos tener al gobernador del respeto\u201d.<\/p>\n<p style=\"text-align: justify;\"><img loading=\"lazy\" decoding=\"async\" class=\"alignnone wp-image-1223090 size-large\" src=\"https:\/\/www.acapulco.press\/wp-content\/uploads\/2021\/03\/MMA-MONTANA3-840x599.jpg\" alt=\"\" width=\"840\" height=\"599\" \/><\/p>\n","protected":false},"excerpt":{"rendered":"<p>HUAMUXTITL\u00c1N * 20 de marzo de 2021. ] Redaci\u00f3n \/ Acapulco Press. En Alpoyeca, Huamuxtitl\u00e1n y Xochihuehuetl\u00e1n, las mujeres de la Monta\u00f1a guerrerenses dijeron, sin rodeos ,al candidato de la coalici\u00f3n #VaXGuerrero, Mario Moreno Arcos: \u201cAqu\u00ed est\u00e1 la esencia del feminismo, aqu\u00ed no nos agreden y no nos faltan al respeto; \u00a1necesitamos tener al gobernador&#8230;<\/p>\n","protected":false},"author":2,"featured_media":1223088,"comment_status":"closed","ping_status":"closed","sticky":false,"template":"","format":"standard","meta":{"footnotes":""},"categories":[2052,2053,1972,18561],"tags":[3721,5931,9919,12685,13903,15818,16796,18156],"class_list":["post-1223086","post","type-post","status-publish","format-standard","has-post-thumbnail","hentry","category-elecciones","category-elecciones-special","category-special","category-society-politics","tag-alpoyeca","tag-coalicion-vaxguerrero-pri-prd","tag-huamuxtitlan","tag-mario-moreno-arcos","tag-olga-galvez-pacheco","tag-rosalinda-mata-saucedo","tag-soledad-romero-espinal","tag-xochihuehuetlan"],"_links":{"self":[{"href":"https:\/\/www.acapulcopress.com\/index.php\/wp-json\/wp\/v2\/posts\/1223086","targetHints":{"allow":["GET"]}}],"collection":[{"href":"https:\/\/www.acapulcopress.com\/index.php\/wp-json\/wp\/v2\/posts"}],"about":[{"href":"https:\/\/www.acapulcopress.com\/index.php\/wp-json\/wp\/v2\/types\/post"}],"author":[{"embeddable":true,"href":"https:\/\/www.acapulcopress.com\/index.php\/wp-json\/wp\/v2\/users\/2"}],"replies":[{"embeddable":true,"href":"https:\/\/www.acapulcopress.com\/index.php\/wp-json\/wp\/v2\/comments?post=1223086"}],"version-history":[{"count":0,"href":"https:\/\/www.acapulcopress.com\/index.php\/wp-json\/wp\/v2\/posts\/1223086\/revisions"}],"wp:featuredmedia":[{"embeddable":true,"href":"https:\/\/www.acapulcopress.com\/index.php\/wp-json\/"}],"wp:attachment":[{"href":"https:\/\/www.acapulcopress.com\/index.php\/wp-json\/wp\/v2\/media?parent=1223086"}],"wp:term":[{"taxonomy":"category","embeddable":true,"href":"https:\/\/www.acapulcopress.com\/index.php\/wp-json\/wp\/v2\/categories?post=1223086"},{"taxonomy":"post_tag","embeddable":true,"href":"https:\/\/www.acapulcopress.com\/index.php\/wp-json\/wp\/v2\/tags?post=1223086"}],"curies":[{"name":"wp","href":"https:\/\/api.w.org\/{rel}","templated":true}]}}