{"id":1223098,"date":"2021-03-22T20:07:54","date_gmt":"2021-03-23T02:07:54","guid":{"rendered":"https:\/\/www.acapulcopress.com\/?p=1223098"},"modified":"2021-03-22T20:07:54","modified_gmt":"2021-03-23T02:07:54","slug":"sin-agua-acapulco-no-tiene-nada-que-festejar-en-el-dia-mundial-del-agua-aguirre","status":"publish","type":"post","link":"https:\/\/www.acapulcopress.com\/index.php\/2021\/03\/22\/sin-agua-acapulco-no-tiene-nada-que-festejar-en-el-dia-mundial-del-agua-aguirre\/","title":{"rendered":"Sin agua, Acapulco no tiene \u00abnada qu\u00e9 festejar en el D\u00eda Mundial del Agua | Aguirre"},"content":{"rendered":"<p style=\"text-align: justify;\">ACAPULCO * 22 de marzo de 2021.<br \/>\n<em>] Acapulco Press.<\/em><\/p>\n<p style=\"text-align: justify;\">Para V\u00edctor Aguirre Alcaide, en Acapulco no hay nada qu\u00e9 festejar en el #Di\u0301aMundialDelAgua, por la simple raz\u00f3n que bajo el actual gobierno de Morena \u00abnuestras colonias siguen sin contar con este recurso vital \u00ab.<\/p>\n<p style=\"text-align: justify;\">Adem\u00e1s, \u00abnuestras playas est\u00e1n contaminadas y las fugas son un problema diario que a la fecha no ha sido resuelto\u00bb, public\u00f3 el aspirante del PRD a la Presidencia de Acapulco en su p\u00e1gina oficial de Facebook, en una reflexi\u00f3n que invita a no ignorar la contaminaci\u00f3n de nuestras aguas, porque ignorar el cuidado ambiental de nuestras aguas \u00abes ignorar nuestro futuro\u00bb.<\/p>\n<p style=\"text-align: justify;\">Aguirre Alcaide ha enlistado entre sus principales proyectos de gobierno el abastecimiento de agua a la poblaci\u00f3n acapulque\u00f1a, que desde el inicio de la actual administraci\u00f3n ha padecido del desabasto en todo Acapulco.<\/p>\n<p style=\"text-align: justify;\">Asimismo, V\u00edctor Aguirre ha anunciado que en caso de ganar la Presidencia de Acapulco tambi\u00e9n se avocar\u00e1 a la\u00a0 rehabilitac\u00ed\u00f3n de los sistemas de rebombeo de agua potable al puerto y la reparaci\u00f3n de las plantas tratadoras de aguas residuales, a fin de contribuir al saneamiento integral de la bah\u00eda y tener playas limpias y certificadas para atraer m\u00e1s turismo al puerto.<\/p>\n","protected":false},"excerpt":{"rendered":"<p>ACAPULCO * 22 de marzo de 2021. ] Acapulco Press. Para V\u00edctor Aguirre Alcaide, en Acapulco no hay nada qu\u00e9 festejar en el #Di\u0301aMundialDelAgua, por la simple raz\u00f3n que bajo el actual gobierno de Morena \u00abnuestras colonias siguen sin contar con este recurso vital \u00ab. Adem\u00e1s, \u00abnuestras playas est\u00e1n contaminadas y las fugas son un&#8230;<\/p>\n","protected":false},"author":2,"featured_media":1223099,"comment_status":"closed","ping_status":"closed","sticky":false,"template":"","format":"standard","meta":{"footnotes":""},"categories":[2019],"tags":[2636,3153,7239,14804,17843],"class_list":["post-1223098","post","type-post","status-publish","format-standard","has-post-thumbnail","hentry","category-popular-news","tag-ceresodeacapulco","tag-acapulco","tag-dia-mundial-del-agua","tag-prd","tag-victor-aguirre-alcaide"],"_links":{"self":[{"href":"https:\/\/www.acapulcopress.com\/index.php\/wp-json\/wp\/v2\/posts\/1223098","targetHints":{"allow":["GET"]}}],"collection":[{"href":"https:\/\/www.acapulcopress.com\/index.php\/wp-json\/wp\/v2\/posts"}],"about":[{"href":"https:\/\/www.acapulcopress.com\/index.php\/wp-json\/wp\/v2\/types\/post"}],"author":[{"embeddable":true,"href":"https:\/\/www.acapulcopress.com\/index.php\/wp-json\/wp\/v2\/users\/2"}],"replies":[{"embeddable":true,"href":"https:\/\/www.acapulcopress.com\/index.php\/wp-json\/wp\/v2\/comments?post=1223098"}],"version-history":[{"count":0,"href":"https:\/\/www.acapulcopress.com\/index.php\/wp-json\/wp\/v2\/posts\/1223098\/revisions"}],"wp:featuredmedia":[{"embeddable":true,"href":"https:\/\/www.acapulcopress.com\/index.php\/wp-json\/"}],"wp:attachment":[{"href":"https:\/\/www.acapulcopress.com\/index.php\/wp-json\/wp\/v2\/media?parent=1223098"}],"wp:term":[{"taxonomy":"category","embeddable":true,"href":"https:\/\/www.acapulcopress.com\/index.php\/wp-json\/wp\/v2\/categories?post=1223098"},{"taxonomy":"post_tag","embeddable":true,"href":"https:\/\/www.acapulcopress.com\/index.php\/wp-json\/wp\/v2\/tags?post=1223098"}],"curies":[{"name":"wp","href":"https:\/\/api.w.org\/{rel}","templated":true}]}}