{"id":1223106,"date":"2021-03-22T20:46:05","date_gmt":"2021-03-23T02:46:05","guid":{"rendered":"https:\/\/www.acapulcopress.com\/?p=1223106"},"modified":"2021-03-22T20:46:05","modified_gmt":"2021-03-23T02:46:05","slug":"fiscalia-gro-logra-50-anos-de-carcel-contra-tres-secuestrados-de-tlapa","status":"publish","type":"post","link":"https:\/\/www.acapulcopress.com\/index.php\/2021\/03\/22\/fiscalia-gro-logra-50-anos-de-carcel-contra-tres-secuestrados-de-tlapa\/","title":{"rendered":"Fiscal\u00eda Gro logra 50 a\u00f1os de c\u00e1rcel contra tres secuestrados de Tlapa"},"content":{"rendered":"<p style=\"text-align: justify;\">CHILPANCINGO * 22 de marzo de 2021.<br \/>\n<em>] <a href=\"https:\/\/fiscaliaguerrero.gob.mx\" target=\"_blank\" rel=\"noopener\">https:\/\/fiscaliaguerrero.gob.mx<\/a>.<\/em><\/p>\n<p style=\"text-align: justify;\">La Fiscal\u00eda General del Estado logr\u00f3 del Tribunal de Enjuiciamiento Penal, en Tlapa, la sentencia condenatoria de 50 a\u00f1os de prisi\u00f3n en contra de Aquileo \u00abN\u00bb, Alfredo \u00abN\u00bb y Marcelino \u00abN\u00bb como responsables del delito de Secuestro Agravado.<\/p>\n<p style=\"text-align: justify;\">El Ministerio P\u00fablico acredit\u00f3 que los ahora sentenciados privaron de la libertad a la v\u00edctima al ir caminando en el centro de Tlapa, lo trasladaron a una casa de seguridad para exigir a familiares el pago de un rescate, carpeta judicial C-22\/2017.<\/p>\n<p style=\"text-align: justify;\">Mediante operativo fue rescatada la v\u00edctima por elementos polic\u00edacos mientras era trasladada a otro sitio para continuar con el cautiverio.<\/p>\n<p style=\"text-align: justify;\">Ya desahogada la audiencia de debate y de juicio oral, el Tribunal de Enjuiciamiento Penal dict\u00f3 fallo condenatorio en contra de los imputados por su responsabilidad en el delito de Secuestro Agravado, quienes tendr\u00e1n que pagar una cantidad de dinero por concepto de multa, quedando internos en el Centro de Reinserci\u00f3n Social de Tlapa de Comonfort.<\/p>\n","protected":false},"excerpt":{"rendered":"<p>CHILPANCINGO * 22 de marzo de 2021. ] https:\/\/fiscaliaguerrero.gob.mx. La Fiscal\u00eda General del Estado logr\u00f3 del Tribunal de Enjuiciamiento Penal, en Tlapa, la sentencia condenatoria de 50 a\u00f1os de prisi\u00f3n en contra de Aquileo \u00abN\u00bb, Alfredo \u00abN\u00bb y Marcelino \u00abN\u00bb como responsables del delito de Secuestro Agravado. El Ministerio P\u00fablico acredit\u00f3 que los ahora sentenciados&#8230;<\/p>\n","protected":false},"author":2,"featured_media":1223107,"comment_status":"closed","ping_status":"closed","sticky":false,"template":"","format":"standard","meta":{"footnotes":""},"categories":[18561,2005],"tags":[8682,10946,14737],"class_list":["post-1223106","post","type-post","status-publish","format-standard","has-post-thumbnail","hentry","category-society-politics","category-seguridad-y-justicia","tag-fiscalia-general-de-guerrero-fge","tag-jorge-zuriel-de-los-santos-barrila","tag-policia-ministerial-de-guerrero"],"_links":{"self":[{"href":"https:\/\/www.acapulcopress.com\/index.php\/wp-json\/wp\/v2\/posts\/1223106","targetHints":{"allow":["GET"]}}],"collection":[{"href":"https:\/\/www.acapulcopress.com\/index.php\/wp-json\/wp\/v2\/posts"}],"about":[{"href":"https:\/\/www.acapulcopress.com\/index.php\/wp-json\/wp\/v2\/types\/post"}],"author":[{"embeddable":true,"href":"https:\/\/www.acapulcopress.com\/index.php\/wp-json\/wp\/v2\/users\/2"}],"replies":[{"embeddable":true,"href":"https:\/\/www.acapulcopress.com\/index.php\/wp-json\/wp\/v2\/comments?post=1223106"}],"version-history":[{"count":0,"href":"https:\/\/www.acapulcopress.com\/index.php\/wp-json\/wp\/v2\/posts\/1223106\/revisions"}],"wp:featuredmedia":[{"embeddable":true,"href":"https:\/\/www.acapulcopress.com\/index.php\/wp-json\/"}],"wp:attachment":[{"href":"https:\/\/www.acapulcopress.com\/index.php\/wp-json\/wp\/v2\/media?parent=1223106"}],"wp:term":[{"taxonomy":"category","embeddable":true,"href":"https:\/\/www.acapulcopress.com\/index.php\/wp-json\/wp\/v2\/categories?post=1223106"},{"taxonomy":"post_tag","embeddable":true,"href":"https:\/\/www.acapulcopress.com\/index.php\/wp-json\/wp\/v2\/tags?post=1223106"}],"curies":[{"name":"wp","href":"https:\/\/api.w.org\/{rel}","templated":true}]}}