{"id":1223113,"date":"2021-03-22T20:56:25","date_gmt":"2021-03-23T02:56:25","guid":{"rendered":"https:\/\/www.acapulcopress.com\/?p=1223113"},"modified":"2021-03-22T20:56:25","modified_gmt":"2021-03-23T02:56:25","slug":"fiscalias-de-guerrero-y-edomex-detienen-a-felix-n-por-el-delito-de-secuestro","status":"publish","type":"post","link":"https:\/\/www.acapulcopress.com\/index.php\/2021\/03\/22\/fiscalias-de-guerrero-y-edomex-detienen-a-felix-n-por-el-delito-de-secuestro\/","title":{"rendered":"Fiscal\u00edas de Guerrero y Edomex detienen a F\u00e9lix &#8216;N&#8217; por el delito de secuestro"},"content":{"rendered":"<p style=\"text-align: justify;\">CHILPANCINGO * 22 de marzo de 2021.<br \/>\n<em>] <a href=\"https:\/\/fiscaliaguerrero.gob.mx\" target=\"_blank\" rel=\"noopener\">https:\/\/fiscaliaguerrero.gob.mx<\/a>.<\/em><\/p>\n<p style=\"text-align: justify;\">La Fiscal\u00eda General de Guerrero en colaboraci\u00f3n con su homologa la Fiscal\u00eda del Estado de M\u00e9xico, lograron la detenci\u00f3n de F\u00e9lix \u00abN\u00bb, como probable responsable del delito de Secuestro agravado de f\u00e9mina en Chilpancingo.<\/p>\n<p style=\"text-align: justify;\">El imputado es acusado en la causa penal 166-II\/2015 de privar de la libertad a la v\u00edctima en compa\u00f1\u00eda de c\u00f3mplices cuando lleg\u00f3 a su domicilio en la ciudad de Chilpancingo, siendo en ese momento trasladada a una casa de seguridad en el Estado de Morelos, donde inici\u00f3 la exigencia de un pago.<\/p>\n<p style=\"text-align: justify;\">El detenido fue trasladado a Chilpancingo y puesto a disposici\u00f3n del juez correspondiente quien definir\u00e1 la situaci\u00f3n jur\u00eddica.<\/p>\n","protected":false},"excerpt":{"rendered":"<p>CHILPANCINGO * 22 de marzo de 2021. ] https:\/\/fiscaliaguerrero.gob.mx. La Fiscal\u00eda General de Guerrero en colaboraci\u00f3n con su homologa la Fiscal\u00eda del Estado de M\u00e9xico, lograron la detenci\u00f3n de F\u00e9lix \u00abN\u00bb, como probable responsable del delito de Secuestro agravado de f\u00e9mina en Chilpancingo. El imputado es acusado en la causa penal 166-II\/2015 de privar de&#8230;<\/p>\n","protected":false},"author":2,"featured_media":1223114,"comment_status":"closed","ping_status":"closed","sticky":false,"template":"","format":"standard","meta":{"footnotes":""},"categories":[18561,2005],"tags":[8682,10946,14737],"class_list":["post-1223113","post","type-post","status-publish","format-standard","has-post-thumbnail","hentry","category-society-politics","category-seguridad-y-justicia","tag-fiscalia-general-de-guerrero-fge","tag-jorge-zuriel-de-los-santos-barrila","tag-policia-ministerial-de-guerrero"],"_links":{"self":[{"href":"https:\/\/www.acapulcopress.com\/index.php\/wp-json\/wp\/v2\/posts\/1223113","targetHints":{"allow":["GET"]}}],"collection":[{"href":"https:\/\/www.acapulcopress.com\/index.php\/wp-json\/wp\/v2\/posts"}],"about":[{"href":"https:\/\/www.acapulcopress.com\/index.php\/wp-json\/wp\/v2\/types\/post"}],"author":[{"embeddable":true,"href":"https:\/\/www.acapulcopress.com\/index.php\/wp-json\/wp\/v2\/users\/2"}],"replies":[{"embeddable":true,"href":"https:\/\/www.acapulcopress.com\/index.php\/wp-json\/wp\/v2\/comments?post=1223113"}],"version-history":[{"count":0,"href":"https:\/\/www.acapulcopress.com\/index.php\/wp-json\/wp\/v2\/posts\/1223113\/revisions"}],"wp:featuredmedia":[{"embeddable":true,"href":"https:\/\/www.acapulcopress.com\/index.php\/wp-json\/"}],"wp:attachment":[{"href":"https:\/\/www.acapulcopress.com\/index.php\/wp-json\/wp\/v2\/media?parent=1223113"}],"wp:term":[{"taxonomy":"category","embeddable":true,"href":"https:\/\/www.acapulcopress.com\/index.php\/wp-json\/wp\/v2\/categories?post=1223113"},{"taxonomy":"post_tag","embeddable":true,"href":"https:\/\/www.acapulcopress.com\/index.php\/wp-json\/wp\/v2\/tags?post=1223113"}],"curies":[{"name":"wp","href":"https:\/\/api.w.org\/{rel}","templated":true}]}}