{"id":1223119,"date":"2021-03-22T21:30:26","date_gmt":"2021-03-23T03:30:26","guid":{"rendered":"https:\/\/www.acapulcopress.com\/?p=1223119"},"modified":"2021-03-22T21:30:26","modified_gmt":"2021-03-23T03:30:26","slug":"ofrece-felix-salgado-gobierno-justo-y-humano-de-la-mano-de-la-gente","status":"publish","type":"post","link":"https:\/\/www.acapulcopress.com\/index.php\/2021\/03\/22\/ofrece-felix-salgado-gobierno-justo-y-humano-de-la-mano-de-la-gente\/","title":{"rendered":"Ofrece F\u00e9lix Salgado gobierno justo y humano, de la mano de la gente"},"content":{"rendered":"<p style=\"text-align: justify;\">SAN LUIS ACATL\u00c1N * 22 de marzo de 2021.<br \/>\n<em>] Especial.<\/em><\/p>\n<p style=\"text-align: justify;\">\u201cDebe haber gobiernos justos y humanos\u201d, afirm\u00f3 el candidato a gobernador por Morena, F\u00e9lix Salgado Macedonio ante habitantes de San Luis Acatl\u00e1n y localidades vecinas, a quienes atendi\u00f3 en sus peticiones y ofreci\u00f3 un gobierno de unidad que trabajar\u00e1 de la mano de la gente.<\/p>\n<p style=\"text-align: justify;\">La ma\u00f1ana de este lunes, F\u00e9lix Salgado continu\u00f3 su campa\u00f1a en la regi\u00f3n de la Costa Chica, donde fue recibido por <img loading=\"lazy\" decoding=\"async\" class=\"alignleft size-medium wp-image-1223121\" src=\"https:\/\/www.acapulco.press\/wp-content\/uploads\/2021\/03\/FELIX-SALGADO2-375x250.jpg\" alt=\"\" width=\"375\" height=\"250\" \/>comisarios, mujeres, integrantes de Comit\u00e9s de Protagonistas del Cambio Verdadero y grupos de la diversidad sexual.<\/p>\n<p style=\"text-align: justify;\">El abanderado de Morena, que se hizo acompa\u00f1ar de su esposa Mar\u00eda de Jes\u00fas Pineda y sus hijas, adem\u00e1s del luchador social Nicol\u00e1s Ch\u00e1vez Adame, se congratul\u00f3 de estar en la tierra de Genaro V\u00e1zquez Rojas, l\u00edder revolucionario que luch\u00f3 contra el cacicazgo y la represi\u00f3n; al recordar su legado, Salgado Macedonio reiter\u00f3 su compromiso de encabezar un gobierno justo y humano, siempre del lado de la gente.<\/p>\n<p style=\"text-align: justify;\">No ser gobiernos asesinos, que matan campesinos; ah\u00ed est\u00e1 la deuda pendiente del Charco, ah\u00ed est\u00e1 la deuda pendiente de Aguas Blancas, ah\u00ed est\u00e1 la deuda pendiente de los estudiantes de Ayotzinapa, nuestros j\u00f3venes desaparecidos y los que asesinaron, c\u00f3mo puede haber gobiernos de ese tipo, no puede haber gobiernos represores, debe haber gobiernos justos y gobiernos humanos, por eso estamos aqu\u00ed y esta es la Cuarta Transformaci\u00f3n\u201d, subray\u00f3.<\/p>\n<p style=\"text-align: justify;\">En el mitin, que se realiz\u00f3 en la cancha junto a la iglesia San Isidro, el candidato a la gubernatura por Morena recibi\u00f3 las peticiones de comisarios de la zona, quienes le solicitaron atender con obras y acciones urgentes a la regi\u00f3n de la Costa Chica.<\/p>\n<p style=\"text-align: justify;\">\u00e9lix Salgado respondi\u00f3 que su trabajo es y seguir\u00e1 siendo con la gente y sus representantes populares, record\u00f3 que cuando fue alcalde de Acapulco realiz\u00f3 la obra p\u00fablica y social en coordinaci\u00f3n con los comisarios y delegados, din\u00e1mica que implementar\u00e1 siendo gobernador para dar respuesta a las necesidades de la gente.<\/p>\n<p style=\"text-align: justify;\">\u201cSer gobierno del pueblo y para el pueblo\u201d, enfatiz\u00f3 Salgado Macedonio, quien al concluir el evento, atendi\u00f3 la invitaci\u00f3n de integrantes de la Coordinadora Regional de Autoridades Comunitarias-Polic\u00eda Comunitaria (CRAC-PC), reuni\u00e9ndose con ellos en la casa de justicia de San Luis Acatl\u00e1n.<\/p>\n<p style=\"text-align: justify;\">En el encuentro, F\u00e9lix Salgado reiter\u00f3 su postura de respeto a las polic\u00edas comunitarias, que por ley tienen sus derechos y cumplen una funci\u00f3n que abona a la seguridad de los pueblos; por eso ofreci\u00f3 apoyo en los hechos, para atender sus peticiones de equipamiento, presupuesto y reconocimiento.<\/p>\n","protected":false},"excerpt":{"rendered":"<p>SAN LUIS ACATL\u00c1N * 22 de marzo de 2021. ] Especial. \u201cDebe haber gobiernos justos y humanos\u201d, afirm\u00f3 el candidato a gobernador por Morena, F\u00e9lix Salgado Macedonio ante habitantes de San Luis Acatl\u00e1n y localidades vecinas, a quienes atendi\u00f3 en sus peticiones y ofreci\u00f3 un gobierno de unidad que trabajar\u00e1 de la mano de la&#8230;<\/p>\n","protected":false},"author":2,"featured_media":1223120,"comment_status":"closed","ping_status":"closed","sticky":false,"template":"","format":"standard","meta":{"footnotes":""},"categories":[2052,2053,1972,18561],"tags":[8467,9134,16002],"class_list":["post-1223119","post","type-post","status-publish","format-standard","has-post-thumbnail","hentry","category-elecciones","category-elecciones-special","category-special","category-society-politics","tag-felix-salgado-macedonio","tag-genaro-vazquez-solis","tag-san-luis-acatlan"],"_links":{"self":[{"href":"https:\/\/www.acapulcopress.com\/index.php\/wp-json\/wp\/v2\/posts\/1223119","targetHints":{"allow":["GET"]}}],"collection":[{"href":"https:\/\/www.acapulcopress.com\/index.php\/wp-json\/wp\/v2\/posts"}],"about":[{"href":"https:\/\/www.acapulcopress.com\/index.php\/wp-json\/wp\/v2\/types\/post"}],"author":[{"embeddable":true,"href":"https:\/\/www.acapulcopress.com\/index.php\/wp-json\/wp\/v2\/users\/2"}],"replies":[{"embeddable":true,"href":"https:\/\/www.acapulcopress.com\/index.php\/wp-json\/wp\/v2\/comments?post=1223119"}],"version-history":[{"count":0,"href":"https:\/\/www.acapulcopress.com\/index.php\/wp-json\/wp\/v2\/posts\/1223119\/revisions"}],"wp:featuredmedia":[{"embeddable":true,"href":"https:\/\/www.acapulcopress.com\/index.php\/wp-json\/"}],"wp:attachment":[{"href":"https:\/\/www.acapulcopress.com\/index.php\/wp-json\/wp\/v2\/media?parent=1223119"}],"wp:term":[{"taxonomy":"category","embeddable":true,"href":"https:\/\/www.acapulcopress.com\/index.php\/wp-json\/wp\/v2\/categories?post=1223119"},{"taxonomy":"post_tag","embeddable":true,"href":"https:\/\/www.acapulcopress.com\/index.php\/wp-json\/wp\/v2\/tags?post=1223119"}],"curies":[{"name":"wp","href":"https:\/\/api.w.org\/{rel}","templated":true}]}}