{"id":1223126,"date":"2021-03-22T22:26:31","date_gmt":"2021-03-23T04:26:31","guid":{"rendered":"https:\/\/www.acapulcopress.com\/?p=1223126"},"modified":"2021-03-22T22:26:31","modified_gmt":"2021-03-23T04:26:31","slug":"agua-vital-e-indispensable-para-hacer-frente-a-la-pandemia-astudillo","status":"publish","type":"post","link":"https:\/\/www.acapulcopress.com\/index.php\/2021\/03\/22\/agua-vital-e-indispensable-para-hacer-frente-a-la-pandemia-astudillo\/","title":{"rendered":"Agua, vital e indispensable para hacer frente a la pandemia | Astudillo"},"content":{"rendered":"<p style=\"text-align: justify;\">CHILPANCINGO * 22 de marzo de 2021.<br \/>\n<em>] Gobierno de Guerrero.<\/em><\/p>\n<p style=\"text-align: justify;\">En el marco del d\u00eda Mundial del Agua, el gobernador H\u00e9ctor Astudillo Flores se reuni\u00f3 con miembros de la Secci\u00f3n Guerrero de la Asociaci\u00f3n Mexicana de Hidr\u00e1ulica, encabezados por Arturo Ayala Gardu\u00f1o, a quienes manifest\u00f3 que el agua es vital e indispensable para hacer frente a la pandemia por el Covid-19.<\/p>\n<p style=\"text-align: justify;\">En este encuentro en el que estuvo acompa\u00f1ado por el jefe de la Oficina del Ejecutivo, Alejandro Bravo Abarca y el director de la Comisi\u00f3n de Agua Potable, Alcantarillado y Saneamiento del Estado de Guerrero (Capaseg), Arturo Palma Carro, el ejecutivo guerrerense mencion\u00f3 que adem\u00e1s de las acciones en materia de salud para hacer frente a la pandemia, se le dio prioridad a las obras de agua potable, ya que con el suministro del vital l\u00edquido se garantizan las condiciones sanitarias para evitar que contin\u00fae la propagaci\u00f3n de este virus.<\/p>\n<p style=\"text-align: justify;\">El gobernador H\u00e9ctor Astudillo y los integrantes de la Secci\u00f3n Guerrero de la Asociaci\u00f3n Mexicana de Hidr\u00e1ulica, coincidieron en la necesidad de preservar y cuidar este vital l\u00edquido, puesto que ha sido fundamental para seguir los protocolos de higiene recomendados por las autoridades sanitarias.<\/p>\n<p style=\"text-align: justify;\">El director de Capaseg, Arturo Palma Carro inform\u00f3 que en la administraci\u00f3n del gobernador H\u00e9ctor Astudillo Flores, se ampli\u00f3 la red de agua potable a 200 mil guerrerenses y m\u00e1s de 450 mil ya cuentan con drenaje.<\/p>\n","protected":false},"excerpt":{"rendered":"<p>CHILPANCINGO * 22 de marzo de 2021. ] Gobierno de Guerrero. En el marco del d\u00eda Mundial del Agua, el gobernador H\u00e9ctor Astudillo Flores se reuni\u00f3 con miembros de la Secci\u00f3n Guerrero de la Asociaci\u00f3n Mexicana de Hidr\u00e1ulica, encabezados por Arturo Ayala Gardu\u00f1o, a quienes manifest\u00f3 que el agua es vital e indispensable para hacer&#8230;<\/p>\n","protected":false},"author":2,"featured_media":1223128,"comment_status":"closed","ping_status":"closed","sticky":false,"template":"","format":"standard","meta":{"footnotes":""},"categories":[18573,1983],"tags":[6705,9302,9705,16421],"class_list":["post-1223126","post","type-post","status-publish","format-standard","has-post-thumbnail","hentry","category-goverment","category-guerrerogob","tag-covid19","tag-gobierno-de-guerrero","tag-hector-astudillo-flores","tag-semaforo-de-riesgo-covid19"],"_links":{"self":[{"href":"https:\/\/www.acapulcopress.com\/index.php\/wp-json\/wp\/v2\/posts\/1223126","targetHints":{"allow":["GET"]}}],"collection":[{"href":"https:\/\/www.acapulcopress.com\/index.php\/wp-json\/wp\/v2\/posts"}],"about":[{"href":"https:\/\/www.acapulcopress.com\/index.php\/wp-json\/wp\/v2\/types\/post"}],"author":[{"embeddable":true,"href":"https:\/\/www.acapulcopress.com\/index.php\/wp-json\/wp\/v2\/users\/2"}],"replies":[{"embeddable":true,"href":"https:\/\/www.acapulcopress.com\/index.php\/wp-json\/wp\/v2\/comments?post=1223126"}],"version-history":[{"count":0,"href":"https:\/\/www.acapulcopress.com\/index.php\/wp-json\/wp\/v2\/posts\/1223126\/revisions"}],"wp:featuredmedia":[{"embeddable":true,"href":"https:\/\/www.acapulcopress.com\/index.php\/wp-json\/"}],"wp:attachment":[{"href":"https:\/\/www.acapulcopress.com\/index.php\/wp-json\/wp\/v2\/media?parent=1223126"}],"wp:term":[{"taxonomy":"category","embeddable":true,"href":"https:\/\/www.acapulcopress.com\/index.php\/wp-json\/wp\/v2\/categories?post=1223126"},{"taxonomy":"post_tag","embeddable":true,"href":"https:\/\/www.acapulcopress.com\/index.php\/wp-json\/wp\/v2\/tags?post=1223126"}],"curies":[{"name":"wp","href":"https:\/\/api.w.org\/{rel}","templated":true}]}}