{"id":1223134,"date":"2021-03-22T23:04:42","date_gmt":"2021-03-23T05:04:42","guid":{"rendered":"https:\/\/www.acapulcopress.com\/?p=1223134"},"modified":"2021-03-22T23:04:42","modified_gmt":"2021-03-23T05:04:42","slug":"mario-confirma-empate-tecnico-con-felix","status":"publish","type":"post","link":"https:\/\/www.acapulcopress.com\/index.php\/2021\/03\/22\/mario-confirma-empate-tecnico-con-felix\/","title":{"rendered":"#Mario confirma empate t\u00e9cnico con F\u00e9lix"},"content":{"rendered":"<p style=\"text-align: justify;\"><em><strong>* Con Mario Moreno habr\u00e1 un pleno desarrollo, no solo en Puerto Marqu\u00e9s, sino en todo el estado de Guerrero, suscribe el candidato de la coalici\u00f3n PRI\/PRD a diputado local por el distrito local 7 de Acapulco, Ricardo Astudillo Calvo.<\/strong><\/em><\/p>\n<p>ACAPULCO * 22 de marzo de 2021.<br \/>\n<em>] Acapulco Press \/ Redacci\u00f3n.<\/em><\/p>\n<p style=\"text-align: justify;\">Mario Moreno Arcos, candidato a gobernador de la alianza #VaXGuerrero que conforman PRI y PRD confirm\u00f3 hoy un empate t\u00e9cnico entre \u00e9l y el candidato de Morena, que hasta hace algunos meses le llevaba una &#8216;ventaja considerable&#8217;.<\/p>\n<p style=\"text-align: justify;\"><img loading=\"lazy\" decoding=\"async\" class=\"alignleft size-medium wp-image-1223136\" src=\"https:\/\/www.acapulco.press\/wp-content\/uploads\/2021\/03\/mario-marquez2-375x249.jpg\" alt=\"\" width=\"375\" height=\"249\" \/>\u201cLa gente va con el candidato ganador. Hemos subido considerablemente en las encuestas\u00bb, dijo; \u00abtenemos algunas (a la mano) y ya pr\u00e1cticamente hay un empate t\u00e9cnico con el otro candidato\u201d, revel\u00f3.<\/p>\n<p style=\"text-align: justify;\">En encuentro con l\u00edderes de Puerto Marqu\u00e9s, donde fue acompa\u00f1ado por el candidato a diputado por ese distrito, Ricardo Astudillo Calvo, Moreno Arcos afirm\u00f3 que existen todas las condiciones para que ese lugar sea considerado como \u201cPuerto M\u00e1gico\u201d.<\/p>\n<p style=\"text-align: justify;\">Ricardo Astudillo Calvo, candidato del PRI y PRD a diputado local por el distrito 07, suscribi\u00f3 que es \u201cun soldado m\u00e1s\u201d y que est\u00e1 convencido de que con Mario Moreno habr\u00e1 un pleno desarrollo, no solo en Puerto Marqu\u00e9s, sino en todo el estado de Guerrero.<\/p>\n","protected":false},"excerpt":{"rendered":"<p>* Con Mario Moreno habr\u00e1 un pleno desarrollo, no solo en Puerto Marqu\u00e9s, sino en todo el estado de Guerrero, suscribe el candidato de la coalici\u00f3n PRI\/PRD a diputado local por el distrito local 7 de Acapulco, Ricardo Astudillo Calvo. ACAPULCO * 22 de marzo de 2021. ] Acapulco Press \/ Redacci\u00f3n. Mario Moreno Arcos,&#8230;<\/p>\n","protected":false},"author":2,"featured_media":1223135,"comment_status":"closed","ping_status":"closed","sticky":false,"template":"","format":"standard","meta":{"footnotes":""},"categories":[2053,1972,1997],"tags":[],"class_list":["post-1223134","post","type-post","status-publish","format-standard","has-post-thumbnail","hentry","category-elecciones-special","category-special","category-noticias-destacadas"],"_links":{"self":[{"href":"https:\/\/www.acapulcopress.com\/index.php\/wp-json\/wp\/v2\/posts\/1223134","targetHints":{"allow":["GET"]}}],"collection":[{"href":"https:\/\/www.acapulcopress.com\/index.php\/wp-json\/wp\/v2\/posts"}],"about":[{"href":"https:\/\/www.acapulcopress.com\/index.php\/wp-json\/wp\/v2\/types\/post"}],"author":[{"embeddable":true,"href":"https:\/\/www.acapulcopress.com\/index.php\/wp-json\/wp\/v2\/users\/2"}],"replies":[{"embeddable":true,"href":"https:\/\/www.acapulcopress.com\/index.php\/wp-json\/wp\/v2\/comments?post=1223134"}],"version-history":[{"count":0,"href":"https:\/\/www.acapulcopress.com\/index.php\/wp-json\/wp\/v2\/posts\/1223134\/revisions"}],"wp:featuredmedia":[{"embeddable":true,"href":"https:\/\/www.acapulcopress.com\/index.php\/wp-json\/"}],"wp:attachment":[{"href":"https:\/\/www.acapulcopress.com\/index.php\/wp-json\/wp\/v2\/media?parent=1223134"}],"wp:term":[{"taxonomy":"category","embeddable":true,"href":"https:\/\/www.acapulcopress.com\/index.php\/wp-json\/wp\/v2\/categories?post=1223134"},{"taxonomy":"post_tag","embeddable":true,"href":"https:\/\/www.acapulcopress.com\/index.php\/wp-json\/wp\/v2\/tags?post=1223134"}],"curies":[{"name":"wp","href":"https:\/\/api.w.org\/{rel}","templated":true}]}}