{"id":1223143,"date":"2021-03-22T23:23:03","date_gmt":"2021-03-23T05:23:03","guid":{"rendered":"https:\/\/www.acapulcopress.com\/?p=1223143"},"modified":"2021-03-22T23:23:03","modified_gmt":"2021-03-23T05:23:03","slug":"lleva-anorve-brigada-de-lentes-gratuitos-a-colonias-de-acapulco","status":"publish","type":"post","link":"https:\/\/www.acapulcopress.com\/index.php\/2021\/03\/22\/lleva-anorve-brigada-de-lentes-gratuitos-a-colonias-de-acapulco\/","title":{"rendered":"Lleva #A\u00f1orve brigada de lentes gratuitos a colonias de Acapulco"},"content":{"rendered":"<p style=\"text-align: justify;\">ACAPULCO * 22 de marzo de 2021.<br \/>\n<em>] Especial.<\/em><\/p>\n<p>El Senador de la Rep\u00fablica Manuel A\u00f1orve Ba\u00f1os, llev\u00f3 a la Colonia Praderas de Costa Azul en Acapulco, el programa de examen de la vista y entrega de lentes gratuitos <em>Rayito de Luz<\/em>.<\/p>\n<p style=\"text-align: justify;\">Acompa\u00f1ado de Jaime Col\u00f3n, el Senador A\u00f1orve, dijo que para el es muy importante poder apoyar a la poblaci\u00f3n de escasos recursos con programas como estos.<\/p>\n<p style=\"text-align: justify;\">Ah\u00ed A\u00f1orve Ba\u00f1os, reconoci\u00f3 el trabajo social que Jaime Col\u00f3n, realiza desde hace muchos a\u00f1os por Acapulco, por ello dijo que con gust\u00f3 llevaba esta brigada de salud visual a diversas colonias y poblados de la entidad.<\/p>\n<p style=\"text-align: justify;\">A este evento tambi\u00e9n asistieron liderazgos como Arturo Santiago, Miguel Albarr\u00e1n, Minerva Olmedo entre otros m\u00e1s que agradecieron la ayuda recibida de parte del Senador A\u00f1orve.<\/p>\n","protected":false},"excerpt":{"rendered":"<p>ACAPULCO * 22 de marzo de 2021. ] Especial. El Senador de la Rep\u00fablica Manuel A\u00f1orve Ba\u00f1os, llev\u00f3 a la Colonia Praderas de Costa Azul en Acapulco, el programa de examen de la vista y entrega de lentes gratuitos Rayito de Luz. Acompa\u00f1ado de Jaime Col\u00f3n, el Senador A\u00f1orve, dijo que para el es muy&#8230;<\/p>\n","protected":false},"author":2,"featured_media":1223127,"comment_status":"closed","ping_status":"closed","sticky":false,"template":"","format":"standard","meta":{"footnotes":""},"categories":[2024,18561],"tags":[12366,15317],"class_list":["post-1223143","post","type-post","status-publish","format-standard","has-post-thumbnail","hentry","category-politica-activism","category-society-politics","tag-manuel-anorve-banos","tag-rayito-de-luz"],"_links":{"self":[{"href":"https:\/\/www.acapulcopress.com\/index.php\/wp-json\/wp\/v2\/posts\/1223143","targetHints":{"allow":["GET"]}}],"collection":[{"href":"https:\/\/www.acapulcopress.com\/index.php\/wp-json\/wp\/v2\/posts"}],"about":[{"href":"https:\/\/www.acapulcopress.com\/index.php\/wp-json\/wp\/v2\/types\/post"}],"author":[{"embeddable":true,"href":"https:\/\/www.acapulcopress.com\/index.php\/wp-json\/wp\/v2\/users\/2"}],"replies":[{"embeddable":true,"href":"https:\/\/www.acapulcopress.com\/index.php\/wp-json\/wp\/v2\/comments?post=1223143"}],"version-history":[{"count":0,"href":"https:\/\/www.acapulcopress.com\/index.php\/wp-json\/wp\/v2\/posts\/1223143\/revisions"}],"wp:featuredmedia":[{"embeddable":true,"href":"https:\/\/www.acapulcopress.com\/index.php\/wp-json\/"}],"wp:attachment":[{"href":"https:\/\/www.acapulcopress.com\/index.php\/wp-json\/wp\/v2\/media?parent=1223143"}],"wp:term":[{"taxonomy":"category","embeddable":true,"href":"https:\/\/www.acapulcopress.com\/index.php\/wp-json\/wp\/v2\/categories?post=1223143"},{"taxonomy":"post_tag","embeddable":true,"href":"https:\/\/www.acapulcopress.com\/index.php\/wp-json\/wp\/v2\/tags?post=1223143"}],"curies":[{"name":"wp","href":"https:\/\/api.w.org\/{rel}","templated":true}]}}