{"id":1223149,"date":"2021-03-23T00:20:24","date_gmt":"2021-03-23T06:20:24","guid":{"rendered":"https:\/\/www.acapulcopress.com\/?p=1223149"},"modified":"2021-03-23T00:20:24","modified_gmt":"2021-03-23T06:20:24","slug":"con-obras-educativos-previno-uagro-la-desercion-escolar","status":"publish","type":"post","link":"https:\/\/www.acapulcopress.com\/index.php\/2021\/03\/23\/con-obras-educativos-previno-uagro-la-desercion-escolar\/","title":{"rendered":"Con obras educativos previno UAGro la deserci\u00f3n escolar"},"content":{"rendered":"<p><img loading=\"lazy\" decoding=\"async\" class=\"alignnone wp-image-1223152 size-large\" src=\"https:\/\/www.acapulco.press\/wp-content\/uploads\/2021\/03\/uasgro-obras3-840x406.jpg\" alt=\"\" width=\"840\" height=\"406\" \/><br \/>\nCHILPANCINGO * 22 de marzo de 2021.<br \/>\n<em>] UAGro.<\/em><\/p>\n<p style=\"text-align: justify;\">\u00abMejorar los espacios educativos es pieza clave para consolidar un mejor futuro para las y los j\u00f3venes guerrerenses. Es por ello que en agosto del 2020 decidimos construir el nuevo edificio de la hoy Preparatoria No. 48 \u00abDigna Ochoa\u00bb, para evitar la deserci\u00f3n escolar y motivar a sus estudiantes a continuar preparandose en una escuela de calidad\u00bb, rememor\u00f3 el Rector Javier Salda\u00f1a Almaz\u00e1n, quien subray\u00f3 que gracias al mejoramiento de la infraestructura y equipamiento escolar, UAGro contribuy\u00f3 en la reconstrucci\u00f3n del tejido social de nuestro estado.<\/p>\n<p><img loading=\"lazy\" decoding=\"async\" class=\"alignnone wp-image-1223150 size-large\" src=\"https:\/\/www.acapulco.press\/wp-content\/uploads\/2021\/03\/uasgro-obras-840x659.jpg\" alt=\"\" width=\"840\" height=\"659\" \/><\/p>\n<p><em>#OrgullosamenteUAGro<\/em><\/p>\n","protected":false},"excerpt":{"rendered":"<p>CHILPANCINGO * 22 de marzo de 2021. ] UAGro. \u00abMejorar los espacios educativos es pieza clave para consolidar un mejor futuro para las y los j\u00f3venes guerrerenses. Es por ello que en agosto del 2020 decidimos construir el nuevo edificio de la hoy Preparatoria No. 48 \u00abDigna Ochoa\u00bb, para evitar la deserci\u00f3n escolar y motivar&#8230;<\/p>\n","protected":false},"author":2,"featured_media":1223151,"comment_status":"closed","ping_status":"closed","sticky":false,"template":"","format":"standard","meta":{"footnotes":""},"categories":[18561,2016],"tags":[6705,10644,17463,17610],"class_list":["post-1223149","post","type-post","status-publish","format-standard","has-post-thumbnail","hentry","category-society-politics","category-uagro-society-politics","tag-covid19","tag-javier-saldana-almazan","tag-uagro","tag-universidad-autonoma-de-guerrero-uagro"],"_links":{"self":[{"href":"https:\/\/www.acapulcopress.com\/index.php\/wp-json\/wp\/v2\/posts\/1223149","targetHints":{"allow":["GET"]}}],"collection":[{"href":"https:\/\/www.acapulcopress.com\/index.php\/wp-json\/wp\/v2\/posts"}],"about":[{"href":"https:\/\/www.acapulcopress.com\/index.php\/wp-json\/wp\/v2\/types\/post"}],"author":[{"embeddable":true,"href":"https:\/\/www.acapulcopress.com\/index.php\/wp-json\/wp\/v2\/users\/2"}],"replies":[{"embeddable":true,"href":"https:\/\/www.acapulcopress.com\/index.php\/wp-json\/wp\/v2\/comments?post=1223149"}],"version-history":[{"count":0,"href":"https:\/\/www.acapulcopress.com\/index.php\/wp-json\/wp\/v2\/posts\/1223149\/revisions"}],"wp:featuredmedia":[{"embeddable":true,"href":"https:\/\/www.acapulcopress.com\/index.php\/wp-json\/"}],"wp:attachment":[{"href":"https:\/\/www.acapulcopress.com\/index.php\/wp-json\/wp\/v2\/media?parent=1223149"}],"wp:term":[{"taxonomy":"category","embeddable":true,"href":"https:\/\/www.acapulcopress.com\/index.php\/wp-json\/wp\/v2\/categories?post=1223149"},{"taxonomy":"post_tag","embeddable":true,"href":"https:\/\/www.acapulcopress.com\/index.php\/wp-json\/wp\/v2\/tags?post=1223149"}],"curies":[{"name":"wp","href":"https:\/\/api.w.org\/{rel}","templated":true}]}}