{"id":1223157,"date":"2021-03-23T00:35:01","date_gmt":"2021-03-23T06:35:01","guid":{"rendered":"https:\/\/www.acapulcopress.com\/?p=1223157"},"modified":"2021-03-23T00:35:01","modified_gmt":"2021-03-23T06:35:01","slug":"victor-aguirre-es-un-politico-comprometido-y-promete-ser-un-alcalde-comprometido-con-la-sociedad","status":"publish","type":"post","link":"https:\/\/www.acapulcopress.com\/index.php\/2021\/03\/23\/victor-aguirre-es-un-politico-comprometido-y-promete-ser-un-alcalde-comprometido-con-la-sociedad\/","title":{"rendered":"V\u00edctor Aguirre es un pol\u00edtico comprometido y promete ser un alcalde comprometido con la sociedad"},"content":{"rendered":"<p style=\"text-align: justify;\"><img loading=\"lazy\" decoding=\"async\" class=\"alignnone wp-image-1223158 size-large\" src=\"https:\/\/www.acapulco.press\/wp-content\/uploads\/2021\/03\/VICTOR-AGUIRRE-3-840x631.jpg\" alt=\"\" width=\"840\" height=\"631\" \/><\/p>\n<p>ACAPULCO * 22 de marzo de 2021.<br \/>\n<em>] Staf #VAA.<\/em><\/p>\n<p style=\"text-align: justify;\">Ante la desconfianza de la sociedad acapulque\u00f1a en sus gobiernos, V\u00edctor Aguirre Alcaide, plante\u00f3 que es necesario <img loading=\"lazy\" decoding=\"async\" class=\"alignleft size-medium wp-image-1223163\" src=\"https:\/\/www.acapulco.press\/wp-content\/uploads\/2021\/03\/VICTOR-AGUIRRE6-1-375x211.jpg\" alt=\"\" width=\"375\" height=\"211\" \/>en devolver la confianza, respondiendo de mejor manera a las demandas y necesidades, para fortalecer un modelo de crecimiento social y urbano.<\/p>\n<p style=\"text-align: justify;\">V\u00edctor Aguirre manifest\u00f3 que actualmente la ciudadan\u00eda no cree en los actores y partidos pol\u00edticos, debido a la falta de compromiso con la ciudadan\u00eda, lo que implica una baja participaci\u00f3n en la toma de decisiones con las autoridades de gobierno.<\/p>\n<p style=\"text-align: justify;\">\u00abLa sociedad ya no cree en los actores y partidos pol\u00edticos, <img loading=\"lazy\" decoding=\"async\" class=\"alignleft size-medium wp-image-1223161\" src=\"https:\/\/www.acapulco.press\/wp-content\/uploads\/2021\/03\/VICTOR-AGUIRRE4-1-375x250.jpg\" alt=\"\" width=\"375\" height=\"250\" \/>sobre todo en los verdes, rojos, guindas y azules, pr\u00e1cticamente el pueblo est\u00e1 cansado de muchas injusticias\u00bb, expres\u00f3.<\/p>\n<p style=\"text-align: justify;\">Tras encabezar una reuni\u00f3n con habitantes de la colonia Nueva Revoluci\u00f3n, ubicada en la zona de Arroyo Seco de Acapulco, V\u00edctor Aguirre, asegur\u00f3 que la ciudadan\u00eda requiere atenci\u00f3n, en los servicios p\u00fablicos, distribuci\u00f3n del agua potable, alumbrado p\u00fablico y seguridad.<\/p>\n<p style=\"text-align: justify;\">\u00abEstas demandas y necesidades, se pueden reflejar en los hogares de los acapulque\u00f1os, haciendo el compromiso, de <img loading=\"lazy\" decoding=\"async\" class=\"alignleft size-medium wp-image-1223159\" src=\"https:\/\/www.acapulco.press\/wp-content\/uploads\/2021\/03\/VICTOR-AGUIRRE2-1-375x250.jpg\" alt=\"\" width=\"375\" height=\"250\" \/>llevar una ruta en la administraci\u00f3n p\u00fablica, evitando actuar con ocurrencias y simulaci\u00f3n\u00bb, enfatiz\u00f3.<\/p>\n<p style=\"text-align: justify;\">Por su parte, el ciudadano de la Ruta del Sol, Pedro Nava, afirm\u00f3 que V\u00edctor Aguirre es un hombre comprometido con la ciudadan\u00eda, no ha demostrado ser \u00abcualquier pol\u00edtico\u00bb, cuando ha honrado su palabra en hechos.<\/p>\n<p style=\"text-align: justify;\">\u00abHoy puedo demostrar en los recorridos de V\u00edctor su capacidad pol\u00edtica y personal, ya que de ha dedicado a levantar al PRD, al llevarlo ser el personaje m\u00e1s competitivo\u00bb, afirm\u00f3.<\/p>\n<p style=\"text-align: justify;\">V\u00edctor Aguirre estuvo Adalberto Mendoza, representante de colonia Nueva Revoluci\u00f3n, Luis Alberto Morales y el representante de la Ruta del Sol, Pedro Nava.<\/p>\n<p><img loading=\"lazy\" decoding=\"async\" class=\"alignnone wp-image-1223160 size-large\" src=\"https:\/\/www.acapulco.press\/wp-content\/uploads\/2021\/03\/VICTOR-AGUIRRE3-1-840x560.jpg\" alt=\"\" width=\"840\" height=\"560\" \/><\/p>\n","protected":false},"excerpt":{"rendered":"<p>ACAPULCO * 22 de marzo de 2021. ] Staf #VAA. Ante la desconfianza de la sociedad acapulque\u00f1a en sus gobiernos, V\u00edctor Aguirre Alcaide, plante\u00f3 que es necesario en devolver la confianza, respondiendo de mejor manera a las demandas y necesidades, para fortalecer un modelo de crecimiento social y urbano. V\u00edctor Aguirre manifest\u00f3 que actualmente la&#8230;<\/p>\n","protected":false},"author":2,"featured_media":1223162,"comment_status":"closed","ping_status":"closed","sticky":false,"template":"","format":"standard","meta":{"footnotes":""},"categories":[2052,2053,1972,18561],"tags":[4485,9279,13771,14804,14895,17705,17843],"class_list":["post-1223157","post","type-post","status-publish","format-standard","has-post-thumbnail","hentry","category-elecciones","category-elecciones-special","category-special","category-society-politics","tag-ayuntamiento-de-acapulco","tag-gobierno-de-acapulco","tag-noticias-de-acapulco","tag-prd","tag-presidencia-de-acapulco","tag-va-por-acapulco","tag-victor-aguirre-alcaide"],"_links":{"self":[{"href":"https:\/\/www.acapulcopress.com\/index.php\/wp-json\/wp\/v2\/posts\/1223157","targetHints":{"allow":["GET"]}}],"collection":[{"href":"https:\/\/www.acapulcopress.com\/index.php\/wp-json\/wp\/v2\/posts"}],"about":[{"href":"https:\/\/www.acapulcopress.com\/index.php\/wp-json\/wp\/v2\/types\/post"}],"author":[{"embeddable":true,"href":"https:\/\/www.acapulcopress.com\/index.php\/wp-json\/wp\/v2\/users\/2"}],"replies":[{"embeddable":true,"href":"https:\/\/www.acapulcopress.com\/index.php\/wp-json\/wp\/v2\/comments?post=1223157"}],"version-history":[{"count":0,"href":"https:\/\/www.acapulcopress.com\/index.php\/wp-json\/wp\/v2\/posts\/1223157\/revisions"}],"wp:featuredmedia":[{"embeddable":true,"href":"https:\/\/www.acapulcopress.com\/index.php\/wp-json\/"}],"wp:attachment":[{"href":"https:\/\/www.acapulcopress.com\/index.php\/wp-json\/wp\/v2\/media?parent=1223157"}],"wp:term":[{"taxonomy":"category","embeddable":true,"href":"https:\/\/www.acapulcopress.com\/index.php\/wp-json\/wp\/v2\/categories?post=1223157"},{"taxonomy":"post_tag","embeddable":true,"href":"https:\/\/www.acapulcopress.com\/index.php\/wp-json\/wp\/v2\/tags?post=1223157"}],"curies":[{"name":"wp","href":"https:\/\/api.w.org\/{rel}","templated":true}]}}