{"id":1223171,"date":"2021-03-23T16:13:14","date_gmt":"2021-03-23T22:13:14","guid":{"rendered":"https:\/\/www.acapulcopress.com\/?p=1223171"},"modified":"2021-03-23T16:13:14","modified_gmt":"2021-03-23T22:13:14","slug":"ante-monumento-de-colosio-refrenda-mario-compromiso-con-los-que-aun-tienen-hambre-y-se-de-justicia","status":"publish","type":"post","link":"https:\/\/www.acapulcopress.com\/index.php\/2021\/03\/23\/ante-monumento-de-colosio-refrenda-mario-compromiso-con-los-que-aun-tienen-hambre-y-se-de-justicia\/","title":{"rendered":"Ante monumento de Colosio refrenda #Mario compromiso con los que a\u00fan tienen hambre y se de justicia"},"content":{"rendered":"<p style=\"text-align: justify;\"><img loading=\"lazy\" decoding=\"async\" class=\"alignnone wp-image-1223174 size-large\" src=\"https:\/\/www.acapulco.press\/wp-content\/uploads\/2021\/03\/mma34-840x1120.jpg\" alt=\"\" width=\"840\" height=\"1120\" \/><\/p>\n<p style=\"text-align: justify;\">\u00bb \u00c1ngel|<strong>Blanco<\/strong>.<br \/>\n* 23 de marzo de 2021.<br \/>\n] Acapulco Press.<\/p>\n<p style=\"text-align: justify;\">Ante el monumento de Luis Donaldo Colosio Murrieta, el candidato de la alianza #VaXGuerrero, Mario Moreno <img loading=\"lazy\" decoding=\"async\" class=\"alignleft size-medium wp-image-1223175\" src=\"https:\/\/www.acapulco.press\/wp-content\/uploads\/2021\/03\/mma4-1-375x281.jpg\" alt=\"\" width=\"375\" height=\"281\" \/>Arcos, refrend\u00f3 su compromiso de continuar los ideales del excandidato presidencial del PRI asesinado arteramente hace 27 a\u00f1os en Lomas Taurinas, Tijuana, el 23 de marzo de 1994, y la pol\u00edtica social del mandatario estatal H\u00e9ctor Astudillo Flores a favor de los hombres y mujeres marginados del estado de Guerrero.<\/p>\n<p style=\"text-align: justify;\">Acompa\u00f1ado del Senador de la Rep\u00fablica Manuel A\u00f1orve Ba\u00f1os y Ricardo Astudillo Calvado, aspirante a diputado local por el Distrito 7 de Acapulco, el abanderado de la coalici\u00f3n PRI\/PRD, se dijo motivado y satisfecho de venir a \u00abhonrar y presentar una ofrenda y nuestro respeto\u00bb a un hombre que vio el clamor de \u00abhambre y sed de justicia\u00bb que muchos mexicanos a\u00fan sigue reclamando hasta el d\u00eda de hoy.<\/p>\n<p style=\"text-align: justify;\"><img loading=\"lazy\" decoding=\"async\" class=\"alignleft size-medium wp-image-1223176\" src=\"https:\/\/www.acapulco.press\/wp-content\/uploads\/2021\/03\/mma15-375x281.jpg\" alt=\"\" width=\"375\" height=\"281\" \/>Por tal motivo, Moreno Arcos se comprometi\u00f3 en enarbolar un gobierno de trabajo incansable por los hombres y mujeres que a\u00fan viven en la marginaci\u00f3n y la pobreza, siguiendo los ideales de Colosio y de H\u00e9ctor Astudillo a favor de todos los guerrerenses, pero especialmente a aquellos que a\u00fan claman por justicia social.<\/p>\n<p style=\"text-align: justify;\">\u00abHace 27 a\u00f1os yo era el secretario general del PRI en Chilpancingo y H\u00e9ctor Astudillo el presidente del Comit\u00e9 Municipal\u00bb, record\u00f3 Mario Moreno; \u00abest\u00e1bamos juntos luchando por llevar a Luis Donaldo Colosio a la Presidencia de la Rep\u00fablica cuando no esteramos de su muerte. Lamentamos y lloramos mucho su muerte, pero 27 a\u00f1os <img loading=\"lazy\" decoding=\"async\" class=\"alignleft size-medium wp-image-1223177\" src=\"https:\/\/www.acapulco.press\/wp-content\/uploads\/2021\/03\/mma27-375x281.jpg\" alt=\"\" width=\"375\" height=\"281\" \/>despu\u00e9s,\u00a0 tengo el enorme privilegio de encabezar una lucha del pri\u00edsmo en Guerrero, del perredismo en Guerrero, pero sobre todo de la sociedad civil\u00bb, para \u00abdarle un rostro, darle visibilidad a los marginados de este estado: \u00a1Ese es mi compromiso hoy y ser\u00e1 siempre\u00bb, dijo, emotivo, el candidato de la alianza #VaXGuerrero, quien suscribi\u00f3 un compromiso incansable contra la marginaci\u00f3n y la pobreza que a\u00fan lacera a cientos de guerrerenses.<\/p>\n<p style=\"text-align: justify;\">Hasta el monumento de Colosio, ubicado en la Unidad Habitacional que lleva el nombre del excandidato presidencial del PRI asesinado hace 27 a\u00f1os, acompa\u00f1aron a Mario Moreno Arcos la exdiputada federal Julieta Fern\u00e1ndez M\u00e1rquez, la secretaria general del PRI municipal, Jennifer Hern\u00e1ndez Pe\u00f1a; la excandidata a diputada federal por el Distrito IV, Pilar Vadillo Ruiz; el presidente del Comit\u00e9 Directivo Municipal del PRI Acapulco, Sof\u00edo Ram\u00edrez Hern\u00e1ndez; el Senador por Guerrero, Manuel A\u00f1orve Ba\u00f1os, el candidato a diputado local por el Distrito 7, Ricardo Astudillo Calvo; la candidata a diputada local por el Distrito 9, Rosaura Carrillo Rodr\u00edguez; as\u00ed como Edilma Galeana Mell\u00edn, candidata a diputada local por el Distrito 4; Jaime Col\u00f3n Mart\u00ednez, candidato a diputado federal por el Distrito 9; Rodolfo Escobar \u00c1vila, secretario general de la CTM Guerrero; el ex diputado y candidato a diputado plurinominal C\u00e9sar Land\u00edn Pineda; Miguel Terrazas Irra, coordinador de los regidores del PRI en el Cabildo de Acapulco, y Manuel A\u00f1orve Aguayo, hijo del Senador A\u00f1orve Ba\u00f1os.<\/p>\n<p style=\"text-align: justify;\"><code><iframe loading=\"lazy\" style=\"border: none; overflow: hidden;\" src=\"https:\/\/www.facebook.com\/plugins\/video.php?height=314&amp;href=https%3A%2F%2Fwww.facebook.com%2Fangelblanco.press%2Fvideos%2F2848538668740123%2F&amp;show_text=true&amp;width=560\" width=\"560\" height=\"429\" frameborder=\"0\" scrolling=\"no\" allowfullscreen=\"allowfullscreen\"><\/iframe><\/code><\/p>\n<p>www<strong>.acapulcopress.<\/strong>com<\/p>\n","protected":false},"excerpt":{"rendered":"<p>\u00bb \u00c1ngel|Blanco. * 23 de marzo de 2021. ] Acapulco Press. Ante el monumento de Luis Donaldo Colosio Murrieta, el candidato de la alianza #VaXGuerrero, Mario Moreno Arcos, refrend\u00f3 su compromiso de continuar los ideales del excandidato presidencial del PRI asesinado arteramente hace 27 a\u00f1os en Lomas Taurinas, Tijuana, el 23 de marzo de 1994,&#8230;<\/p>\n","protected":false},"author":2,"featured_media":1223173,"comment_status":"closed","ping_status":"closed","sticky":false,"template":"","format":"video","meta":{"footnotes":""},"categories":[2052,2053,1972,18561],"tags":[2914,11314,11504,12366,12685,15571,16789],"class_list":["post-1223171","post","type-post","status-publish","format-video","has-post-thumbnail","hentry","category-elecciones","category-elecciones-special","category-special","category-society-politics","tag-vaxguerrero","tag-julieta-fernandez-marquez","tag-l","tag-manuel-anorve-banos","tag-mario-moreno-arcos","tag-ricardo-astudillo-calvo","tag-sofio-ramirez-hernandez","post_format-post-format-video"],"_links":{"self":[{"href":"https:\/\/www.acapulcopress.com\/index.php\/wp-json\/wp\/v2\/posts\/1223171","targetHints":{"allow":["GET"]}}],"collection":[{"href":"https:\/\/www.acapulcopress.com\/index.php\/wp-json\/wp\/v2\/posts"}],"about":[{"href":"https:\/\/www.acapulcopress.com\/index.php\/wp-json\/wp\/v2\/types\/post"}],"author":[{"embeddable":true,"href":"https:\/\/www.acapulcopress.com\/index.php\/wp-json\/wp\/v2\/users\/2"}],"replies":[{"embeddable":true,"href":"https:\/\/www.acapulcopress.com\/index.php\/wp-json\/wp\/v2\/comments?post=1223171"}],"version-history":[{"count":0,"href":"https:\/\/www.acapulcopress.com\/index.php\/wp-json\/wp\/v2\/posts\/1223171\/revisions"}],"wp:featuredmedia":[{"embeddable":true,"href":"https:\/\/www.acapulcopress.com\/index.php\/wp-json\/"}],"wp:attachment":[{"href":"https:\/\/www.acapulcopress.com\/index.php\/wp-json\/wp\/v2\/media?parent=1223171"}],"wp:term":[{"taxonomy":"category","embeddable":true,"href":"https:\/\/www.acapulcopress.com\/index.php\/wp-json\/wp\/v2\/categories?post=1223171"},{"taxonomy":"post_tag","embeddable":true,"href":"https:\/\/www.acapulcopress.com\/index.php\/wp-json\/wp\/v2\/tags?post=1223171"}],"curies":[{"name":"wp","href":"https:\/\/api.w.org\/{rel}","templated":true}]}}