{"id":1223183,"date":"2021-03-23T10:31:49","date_gmt":"2021-03-23T16:31:49","guid":{"rendered":"https:\/\/www.acapulcopress.com\/?p=1223183"},"modified":"2021-03-23T10:31:49","modified_gmt":"2021-03-23T16:31:49","slug":"agradece-rector-labor-de-brigadas-uagro-contra-la-pandemia","status":"publish","type":"post","link":"https:\/\/www.acapulcopress.com\/index.php\/2021\/03\/23\/agradece-rector-labor-de-brigadas-uagro-contra-la-pandemia\/","title":{"rendered":"Agradece Rector labor de brigadas UAGro contra la pandemia"},"content":{"rendered":"<p>CHILPANCINGO * 23 de marzo de 2021.<br \/>\n<em>] UAGro.<\/em><\/p>\n<p style=\"text-align: justify;\">El Rector de la UAGro, Javier Salda\u00f1a Almaz\u00e1n, agradeci\u00f3 a todo el equipo del Laboratorio de Investigaci\u00f3n de <img loading=\"lazy\" decoding=\"async\" class=\"alignleft size-medium wp-image-1223185\" src=\"https:\/\/www.acapulco.press\/wp-content\/uploads\/2021\/03\/uagro-gel2-1-375x115.jpg\" alt=\"\" width=\"375\" height=\"115\" \/>Productos Fitoterap\u00e9uticos y Alimentos de la Universidad Aut\u00f3noma de Guerrero (UAGro), por trabajar arduamente en la producci\u00f3n de unidades de gel antibacterial que est\u00e1 siendo distribuido a la comunidad universitaria que contin\u00faa apoyando en la Campa\u00f1a de Vacunaci\u00f3n Nacional Contra la COVID-19 implementada en la Zona Norte del estado.<\/p>\n<p>\u00abLos universitarios nos unimos desde todas las \u00e1reas para contribuir en el combate de esta pandemia\u00bb, suscribi\u00f3 el Rector universitario.<\/p>\n","protected":false},"excerpt":{"rendered":"<p>CHILPANCINGO * 23 de marzo de 2021. ] UAGro. El Rector de la UAGro, Javier Salda\u00f1a Almaz\u00e1n, agradeci\u00f3 a todo el equipo del Laboratorio de Investigaci\u00f3n de Productos Fitoterap\u00e9uticos y Alimentos de la Universidad Aut\u00f3noma de Guerrero (UAGro), por trabajar arduamente en la producci\u00f3n de unidades de gel antibacterial que est\u00e1 siendo distribuido a la&#8230;<\/p>\n","protected":false},"author":2,"featured_media":1223184,"comment_status":"closed","ping_status":"closed","sticky":false,"template":"","format":"standard","meta":{"footnotes":""},"categories":[18561,2016],"tags":[6705,10644,11644,11649,17463,17610],"class_list":["post-1223183","post","type-post","status-publish","format-standard","has-post-thumbnail","hentry","category-society-politics","category-uagro-society-politics","tag-covid19","tag-javier-saldana-almazan","tag-laboratorio-de-diagnostico-e-investigacion-de-salud-labdis","tag-laboratorio-de-investigacion-de-productos-fitoterapeuticos-y-alimentos","tag-uagro","tag-universidad-autonoma-de-guerrero-uagro"],"_links":{"self":[{"href":"https:\/\/www.acapulcopress.com\/index.php\/wp-json\/wp\/v2\/posts\/1223183","targetHints":{"allow":["GET"]}}],"collection":[{"href":"https:\/\/www.acapulcopress.com\/index.php\/wp-json\/wp\/v2\/posts"}],"about":[{"href":"https:\/\/www.acapulcopress.com\/index.php\/wp-json\/wp\/v2\/types\/post"}],"author":[{"embeddable":true,"href":"https:\/\/www.acapulcopress.com\/index.php\/wp-json\/wp\/v2\/users\/2"}],"replies":[{"embeddable":true,"href":"https:\/\/www.acapulcopress.com\/index.php\/wp-json\/wp\/v2\/comments?post=1223183"}],"version-history":[{"count":0,"href":"https:\/\/www.acapulcopress.com\/index.php\/wp-json\/wp\/v2\/posts\/1223183\/revisions"}],"wp:featuredmedia":[{"embeddable":true,"href":"https:\/\/www.acapulcopress.com\/index.php\/wp-json\/"}],"wp:attachment":[{"href":"https:\/\/www.acapulcopress.com\/index.php\/wp-json\/wp\/v2\/media?parent=1223183"}],"wp:term":[{"taxonomy":"category","embeddable":true,"href":"https:\/\/www.acapulcopress.com\/index.php\/wp-json\/wp\/v2\/categories?post=1223183"},{"taxonomy":"post_tag","embeddable":true,"href":"https:\/\/www.acapulcopress.com\/index.php\/wp-json\/wp\/v2\/tags?post=1223183"}],"curies":[{"name":"wp","href":"https:\/\/api.w.org\/{rel}","templated":true}]}}