{"id":1223190,"date":"2021-03-23T16:59:14","date_gmt":"2021-03-23T22:59:14","guid":{"rendered":"https:\/\/www.acapulcopress.com\/?p=1223190"},"modified":"2021-03-23T16:59:14","modified_gmt":"2021-03-23T22:59:14","slug":"invita-uagro-a-su-3er-festival-universitario-de-arte","status":"publish","type":"post","link":"https:\/\/www.acapulcopress.com\/index.php\/2021\/03\/23\/invita-uagro-a-su-3er-festival-universitario-de-arte\/","title":{"rendered":"Invita UAGro a su \u00ab3er Festival Universitario de Arte\u00bb"},"content":{"rendered":"<p>CHILPANCINGO * 23 de marzo de 2021.<br \/>\n] UAGro.<\/p>\n<p>Del 14 al 21 de abril la Escuela Superior de Artes UAGro celebrar\u00e1 de manera virtual su 3er Festival Universitario de Arte UAGro, difundiendo el talento y la cultura guerrerense. Recto\u00eda UAGro invita a la comunidad universitaria y al p\u00fablico en general que desee participar en su amplio y entretenido programa.<\/p>\n","protected":false},"excerpt":{"rendered":"<p>CHILPANCINGO * 23 de marzo de 2021. ] UAGro. Del 14 al 21 de abril la Escuela Superior de Artes UAGro celebrar\u00e1 de manera virtual su 3er Festival Universitario de Arte UAGro, difundiendo el talento y la cultura guerrerense. Recto\u00eda UAGro invita a la comunidad universitaria y al p\u00fablico en general que desee participar en&#8230;<\/p>\n","protected":false},"author":2,"featured_media":1223191,"comment_status":"closed","ping_status":"closed","sticky":false,"template":"","format":"standard","meta":{"footnotes":""},"categories":[18561,2016],"tags":[6705,8100,10644,11644,17463,17610],"class_list":["post-1223190","post","type-post","status-publish","format-standard","has-post-thumbnail","hentry","category-society-politics","category-uagro-society-politics","tag-covid19","tag-escuela-superior-de-artes-uagro","tag-javier-saldana-almazan","tag-laboratorio-de-diagnostico-e-investigacion-de-salud-labdis","tag-uagro","tag-universidad-autonoma-de-guerrero-uagro"],"_links":{"self":[{"href":"https:\/\/www.acapulcopress.com\/index.php\/wp-json\/wp\/v2\/posts\/1223190","targetHints":{"allow":["GET"]}}],"collection":[{"href":"https:\/\/www.acapulcopress.com\/index.php\/wp-json\/wp\/v2\/posts"}],"about":[{"href":"https:\/\/www.acapulcopress.com\/index.php\/wp-json\/wp\/v2\/types\/post"}],"author":[{"embeddable":true,"href":"https:\/\/www.acapulcopress.com\/index.php\/wp-json\/wp\/v2\/users\/2"}],"replies":[{"embeddable":true,"href":"https:\/\/www.acapulcopress.com\/index.php\/wp-json\/wp\/v2\/comments?post=1223190"}],"version-history":[{"count":0,"href":"https:\/\/www.acapulcopress.com\/index.php\/wp-json\/wp\/v2\/posts\/1223190\/revisions"}],"wp:featuredmedia":[{"embeddable":true,"href":"https:\/\/www.acapulcopress.com\/index.php\/wp-json\/"}],"wp:attachment":[{"href":"https:\/\/www.acapulcopress.com\/index.php\/wp-json\/wp\/v2\/media?parent=1223190"}],"wp:term":[{"taxonomy":"category","embeddable":true,"href":"https:\/\/www.acapulcopress.com\/index.php\/wp-json\/wp\/v2\/categories?post=1223190"},{"taxonomy":"post_tag","embeddable":true,"href":"https:\/\/www.acapulcopress.com\/index.php\/wp-json\/wp\/v2\/tags?post=1223190"}],"curies":[{"name":"wp","href":"https:\/\/api.w.org\/{rel}","templated":true}]}}