{"id":1223196,"date":"2021-03-23T09:21:01","date_gmt":"2021-03-23T15:21:01","guid":{"rendered":"https:\/\/www.acapulcopress.com\/?p=1223196"},"modified":"2021-03-23T09:21:01","modified_gmt":"2021-03-23T15:21:01","slug":"escuela-superior-de-enfermeria-4-de-taxco-colabora-con-vacunacion-a-adultos-mayores","status":"publish","type":"post","link":"https:\/\/www.acapulcopress.com\/index.php\/2021\/03\/23\/escuela-superior-de-enfermeria-4-de-taxco-colabora-con-vacunacion-a-adultos-mayores\/","title":{"rendered":"Escuela Superior de Enfermer\u00eda 4 de Taxco colabora con vacunaci\u00f3n a adultos mayores"},"content":{"rendered":"<p>CHILPANCINGO * 23 de marzo de 2021.<br \/>\n<em>] UAGro.<\/em><\/p>\n<p style=\"text-align: justify;\">Los estudiantes y personal acad\u00e9mico de la Escuela Superior de Enfermer\u00eda No. 4 de Taxco de Alarc\u00f3n, la Cl\u00ednica Universitaria y del Campus Regional Zona Norte, as\u00ed como estudiantes de la Facultad de Medicina que residen en esta zona, colaboran en la Estrategia Nacional de Vacunaci\u00f3n para los adultos mayores que viven en el municipio de Iguala de la Independencia.<\/p>\n\n<p>La comunidad universitaria demuestra su solidaridad y servicio para el pueblo de Guerrero.<\/p>\n","protected":false},"excerpt":{"rendered":"<p>CHILPANCINGO * 23 de marzo de 2021. ] UAGro. Los estudiantes y personal acad\u00e9mico de la Escuela Superior de Enfermer\u00eda No. 4 de Taxco de Alarc\u00f3n, la Cl\u00ednica Universitaria y del Campus Regional Zona Norte, as\u00ed como estudiantes de la Facultad de Medicina que residen en esta zona, colaboran en la Estrategia Nacional de Vacunaci\u00f3n&#8230;<\/p>\n","protected":false},"author":2,"featured_media":1223198,"comment_status":"closed","ping_status":"closed","sticky":false,"template":"","format":"standard","meta":{"footnotes":""},"categories":[18561,2016],"tags":[6705,10644,11644,17463,17610],"class_list":["post-1223196","post","type-post","status-publish","format-standard","has-post-thumbnail","hentry","category-society-politics","category-uagro-society-politics","tag-covid19","tag-javier-saldana-almazan","tag-laboratorio-de-diagnostico-e-investigacion-de-salud-labdis","tag-uagro","tag-universidad-autonoma-de-guerrero-uagro"],"_links":{"self":[{"href":"https:\/\/www.acapulcopress.com\/index.php\/wp-json\/wp\/v2\/posts\/1223196","targetHints":{"allow":["GET"]}}],"collection":[{"href":"https:\/\/www.acapulcopress.com\/index.php\/wp-json\/wp\/v2\/posts"}],"about":[{"href":"https:\/\/www.acapulcopress.com\/index.php\/wp-json\/wp\/v2\/types\/post"}],"author":[{"embeddable":true,"href":"https:\/\/www.acapulcopress.com\/index.php\/wp-json\/wp\/v2\/users\/2"}],"replies":[{"embeddable":true,"href":"https:\/\/www.acapulcopress.com\/index.php\/wp-json\/wp\/v2\/comments?post=1223196"}],"version-history":[{"count":0,"href":"https:\/\/www.acapulcopress.com\/index.php\/wp-json\/wp\/v2\/posts\/1223196\/revisions"}],"wp:featuredmedia":[{"embeddable":true,"href":"https:\/\/www.acapulcopress.com\/index.php\/wp-json\/"}],"wp:attachment":[{"href":"https:\/\/www.acapulcopress.com\/index.php\/wp-json\/wp\/v2\/media?parent=1223196"}],"wp:term":[{"taxonomy":"category","embeddable":true,"href":"https:\/\/www.acapulcopress.com\/index.php\/wp-json\/wp\/v2\/categories?post=1223196"},{"taxonomy":"post_tag","embeddable":true,"href":"https:\/\/www.acapulcopress.com\/index.php\/wp-json\/wp\/v2\/tags?post=1223196"}],"curies":[{"name":"wp","href":"https:\/\/api.w.org\/{rel}","templated":true}]}}