{"id":1223208,"date":"2021-03-23T17:46:31","date_gmt":"2021-03-23T23:46:31","guid":{"rendered":"https:\/\/www.acapulcopress.com\/?p=1223208"},"modified":"2021-03-23T17:46:31","modified_gmt":"2021-03-23T23:46:31","slug":"nominan-a-ingenieros-mexicanos-al-oscar-por-sonido-de-sound-of-metal","status":"publish","type":"post","link":"https:\/\/www.acapulcopress.com\/index.php\/2021\/03\/23\/nominan-a-ingenieros-mexicanos-al-oscar-por-sonido-de-sound-of-metal\/","title":{"rendered":"Nominan a ingenieros mexicanos al Oscar por sonido de \u201cSound of Metal\u201d"},"content":{"rendered":"<p style=\"text-align: justify;\">CIUDAD DE M\u00c9XICO * 23 de marzo de 2021.<br \/>\n<em>] <a href=\"https:\/\/apnews.com\/article\/espect-culos-01758565103fe31e5e9123cd03d083b8\" target=\"_blank\" rel=\"noopener\">AP<\/a>.<\/em><\/p>\n<p style=\"text-align: justify;\">La pel\u00edcula nominada al Oscar \u201cSound of Metal\u201d (\u201cEl sonido del metal\u201d), sobre un baterista de heavy metal que comienza a quedarse sordo, tiene desde el t\u00edtulo toda la atenci\u00f3n puesta en el sonido, y tres de sus ingenieros nominados son mexicanos.<\/p>\n<p style=\"text-align: justify;\">La mezcla de sonido, de hecho, se hizo cerca del famoso pueblo de Tepoztl\u00e1n, en el estado central de Morelos, con vista al cerro de El Tepozteco.<\/p>\n<p style=\"text-align: justify;\">\u201cEs muy raro que alguien salga de Los \u00c1ngeles o de Londres y que mezcle su pel\u00edcula en otro lado, ni siquiera en Canad\u00e1 sucede eso\u201d, dijo el ingeniero Jaime Baksht en una entrevista reciente por videollamada desde la Ciudad de M\u00e9xico. \u201cEn este caso editaron en Francia y en Estados Unidos, luego se vinieron a M\u00e9xico para seguir editando, pero la mezcla se hizo en M\u00e9xico\u201d.<\/p>\n<p style=\"text-align: justify;\">La mezcla es esa parte del sonido en la que se juntan las grabaciones de los editores en computadoras que est\u00e1n en un mismo lugar. La edici\u00f3n se puede hacer en diferentes partes del mundo, explic\u00f3 Baksht; la mezcla no.<\/p>\n<p style=\"text-align: justify;\">En el estudio Splendor Omnia, del director Carlos Reygadas (\u201cLuz silenciosa\u201d, \u201cNuestro tiempo\u201d), trabajaron durante la primavera y el verano (boreal) de 2019 y luego a comienzos de 2020 para algunos toques finales. A decir del ingeniero nominado Carlos Cort\u00e9s, el hecho de que est\u00e9 en medio del campo es \u201cmuy ventajoso\u201d.<\/p>\n<p style=\"text-align: justify;\">\u201cEs como un retiro, nada m\u00e1s te concentras en lo que est\u00e1s (haciendo). Tiene algo especial que creo que s\u00ed funcion\u00f3 muy bien para este s\u00faper trabajo\u201d, dijo v\u00eda Zoom. \u201cEst\u00e1s en medio de la nada, est\u00e1s en el medio del Tepozteco&#8230; Se vuelve a\u00fan m\u00e1s mon\u00e1stico\u201d.<\/p>\n<p style=\"text-align: justify;\">Adem\u00e1s de mejor pel\u00edcula y sonido, \u201cSound of Metal\u201d de Darius Marder, disponible en Amazon Prime Video, tambi\u00e9n recibi\u00f3 nominaciones al mejor actor, para Riz Ahmed; mejor actor de reparto, para Paul Raci; mejor guion original y mejor edici\u00f3n.<\/p>\n<p style=\"text-align: justify;\">En el caso del departamento de sonido, las nominaciones fueron para Nicolas Becker, Phillip Bladh, Baksht, Cort\u00e9s y la ingeniera mexicana Michelle Couttolenc, en un a\u00f1o con r\u00e9cord de mujeres postuladas.<\/p>\n<p style=\"text-align: justify;\">\u201cMe siento muy emocionada\u201d, dijo Couttolenc. \u201cEs un gran logro compartido tambi\u00e9n para las mujeres porque es la primera vez que en M\u00e9xico una mujer est\u00e1 nominada en sonido&#8230; Es s\u00faper emocionante y lindo que haya atenci\u00f3n en una rama en la cual no hay tantas mujeres, pero que de repente se pueda pensar que s\u00ed se puede y que cada vez seamos m\u00e1s y que s\u00ed hay el talento\u201d.<\/p>\n<p style=\"text-align: justify;\">Y Couttolenc tuvo a otra colega en el equipo de \u201cSound of Metal\u201d: la venezolana Carolina Santana, quien hizo parte del dise\u00f1o sonoro junto con Becker y Marder antes de viajar a M\u00e9xico para la mezcla.<\/p>\n<p style=\"text-align: justify;\">\u201cVer a otras chicas logrando y haci\u00e9ndolo tambi\u00e9n es una fuerza enorme, nos da mucha alegr\u00eda y orgullo como si fueran hermanas y nos da m\u00e1s empuje para seguir adelante\u201d, dijo Santana, quien record\u00f3 que cuando estudiaba la carrera de ingenier\u00eda de sonido hab\u00eda tres mujeres y 40 hombres en su generaci\u00f3n.<\/p>\n<p style=\"text-align: justify;\">Santana estaba en una llamada por Zoom con los productores y el equipo de la pel\u00edcula cuando se enter\u00f3 de las nominaciones.<\/p>\n<p style=\"text-align: justify;\">\u201cEra muy c\u00f3mico porque hab\u00eda un retraso, no todos escucharon las nominaciones al mismo tiempo. Yo ve\u00eda que unos saltaban y otros no saltaban. Yo dec\u00eda, \u2018\u00bfqu\u00e9 fue lo que pas\u00f3?\u2019\u201d, cont\u00f3. \u201cEl poder compartir ese momento juntos vali\u00f3 m\u00e1s que nada\u201d.<\/p>\n<p style=\"text-align: justify;\">Baksht estaba en Morelos, en un lugar sin acceso a internet. Le pidi\u00f3 a su hija que le avisara por WhastApp si suced\u00eda algo. Couttolenc estaba dormida; pens\u00f3 que le iba a dar ansiedad verlo en vivo, pero se despert\u00f3 cuando su celular comenz\u00f3 a vibrar sin parar. Algo parecido le pas\u00f3 a Cort\u00e9s, quien estaba feliz porque ten\u00eda un d\u00eda libre para dormir mucho.<\/p>\n<p style=\"text-align: justify;\">\u201cY no lo logr\u00e9\u201d, dijo. \u201cMe despert\u00f3 Nico (Becker) y me dio la noticia y la verdad es que me emocion\u00f3 much\u00edsimo. Fue maravilloso. Me habl\u00f3 muy emocionado. Gritamos de la alegr\u00eda\u201d.<\/p>\n<p style=\"text-align: justify;\">\u201cSound of Metal\u201d aborda con gran sensibilidad la degeneraci\u00f3n auditiva de Ruben (Ahmed). Los ingenieros mexicanos buscaron retratar esto de la manera m\u00e1s aut\u00e9ntica posible, que el p\u00fablico pudiera realmente sentir lo que el personaje atravesaba traduciendo lo que escuchar\u00eda una vez afectado su o\u00eddo.<\/p>\n<p style=\"text-align: justify;\">Una de las escenas que m\u00e1s cuidaron fue la de un concierto al comienzo de la pel\u00edcula. No se conformaron con la primera propuesta; buscaban los matices y hacerla lo m\u00e1s viva posible y en el intento la rehicieron m\u00faltiples veces.<\/p>\n<p style=\"text-align: justify;\">\u201cEl concierto es fenomenal\u201d, dijo Cort\u00e9s. \u201cHubo varias discusiones de si se iba a ver como un concierto normal y tratamos de hacerlo desde el punto de vista del baterista&#8230; que sientas el (tambor) tom de piso, que sientas la vibraci\u00f3n rebot\u00e1ndote de los parches. Eso se intent\u00f3 hacer y en cine funciona muy padre (bien)\u201d.<\/p>\n<p style=\"text-align: justify;\">La ma\u00f1ana despu\u00e9s del concierto todo es tranquilidad, pero a partir de ese momento comienza la p\u00e9rdida auditiva de Ruben.<\/p>\n<p style=\"text-align: justify;\">\u201cTodo el proceso de degradaci\u00f3n de la audici\u00f3n se va haciendo paulatinamente en sonido y c\u00f3mo se va haciendo esta degradaci\u00f3n fue lo que hicimos nosotros en M\u00e9xico\u201d, dijo Backsht. \u201cEs como si empiezas a combinar grises, es una tonalidad de grises. Ten\u00edas que ser muy sutil en c\u00f3mo los ibas combinando para lograr llegar al negro\u201d.<\/p>\n<p style=\"text-align: justify;\">Una de las preguntas que se planteaban era c\u00f3mo Ruben relacionaba los sonidos que alcanzaba a percibir a trav\u00e9s del cuerpo y al mismo tiempo c\u00f3mo, con su memoria auditiva, relacionaba su pasado con su presente. Tambi\u00e9n jugaron entre el sonido subjetivo y el objetivo, lo que no escucha Ruben y lo que oyen otros personajes, pues afuera todo sigue sonando.<\/p>\n<p style=\"text-align: justify;\">Para lograrlo, el enfoque de Marder, quien les permiti\u00f3 experimentar y plantear nuevas formas de mezclar, fue esencial para el equipo mexicano.<\/p>\n<p style=\"text-align: justify;\">\u201cLo interesante de esta pel\u00edcula es que m\u00e1s mentes suman m\u00e1s ideas\u201d, dijo Couttolenc. \u201c(El director) estaba buscando algo un poco distinto a lo que pod\u00eda conseguir si la hac\u00eda en Estados Unidos y tambi\u00e9n el cre\u00eda que las diferentes visiones de diferentes partes del mundo aportan a la pel\u00edcula&#8230; Es padre (genial) tener esta diversidad cultural\u201d.<\/p>\n","protected":false},"excerpt":{"rendered":"<p>CIUDAD DE M\u00c9XICO * 23 de marzo de 2021. ] AP. La pel\u00edcula nominada al Oscar \u201cSound of Metal\u201d (\u201cEl sonido del metal\u201d), sobre un baterista de heavy metal que comienza a quedarse sordo, tiene desde el t\u00edtulo toda la atenci\u00f3n puesta en el sonido, y tres de sus ingenieros nominados son mexicanos. La mezcla&#8230;<\/p>\n","protected":false},"author":2,"featured_media":1223209,"comment_status":"closed","ping_status":"closed","sticky":false,"template":"","format":"standard","meta":{"footnotes":""},"categories":[18563,18561],"tags":[2511,4525,6678,13064,13664,14559,14864],"class_list":["post-1223208","post","type-post","status-publish","format-standard","has-post-thumbnail","hentry","category-entretenimiento","category-society-politics","tag-sound-of-metal","tag-baksht","tag-cortes","tag-michelle-couttolenc","tag-nicolas-becker","tag-phillip-bladh","tag-premios-oscar"],"_links":{"self":[{"href":"https:\/\/www.acapulcopress.com\/index.php\/wp-json\/wp\/v2\/posts\/1223208","targetHints":{"allow":["GET"]}}],"collection":[{"href":"https:\/\/www.acapulcopress.com\/index.php\/wp-json\/wp\/v2\/posts"}],"about":[{"href":"https:\/\/www.acapulcopress.com\/index.php\/wp-json\/wp\/v2\/types\/post"}],"author":[{"embeddable":true,"href":"https:\/\/www.acapulcopress.com\/index.php\/wp-json\/wp\/v2\/users\/2"}],"replies":[{"embeddable":true,"href":"https:\/\/www.acapulcopress.com\/index.php\/wp-json\/wp\/v2\/comments?post=1223208"}],"version-history":[{"count":0,"href":"https:\/\/www.acapulcopress.com\/index.php\/wp-json\/wp\/v2\/posts\/1223208\/revisions"}],"wp:featuredmedia":[{"embeddable":true,"href":"https:\/\/www.acapulcopress.com\/index.php\/wp-json\/"}],"wp:attachment":[{"href":"https:\/\/www.acapulcopress.com\/index.php\/wp-json\/wp\/v2\/media?parent=1223208"}],"wp:term":[{"taxonomy":"category","embeddable":true,"href":"https:\/\/www.acapulcopress.com\/index.php\/wp-json\/wp\/v2\/categories?post=1223208"},{"taxonomy":"post_tag","embeddable":true,"href":"https:\/\/www.acapulcopress.com\/index.php\/wp-json\/wp\/v2\/tags?post=1223208"}],"curies":[{"name":"wp","href":"https:\/\/api.w.org\/{rel}","templated":true}]}}