{"id":1223214,"date":"2021-03-23T18:11:42","date_gmt":"2021-03-24T00:11:42","guid":{"rendered":"https:\/\/www.acapulcopress.com\/?p=1223214"},"modified":"2021-03-23T18:11:42","modified_gmt":"2021-03-24T00:11:42","slug":"disney-de-nuevo-cambia-fecha-de-estreno-de-black-widow","status":"publish","type":"post","link":"https:\/\/www.acapulcopress.com\/index.php\/2021\/03\/23\/disney-de-nuevo-cambia-fecha-de-estreno-de-black-widow\/","title":{"rendered":"Disney de nuevo cambia fecha de estreno de \u201cBlack Widow\u201d"},"content":{"rendered":"<p style=\"text-align: justify;\">NUEVA YORK * 23 de marzo de 2021.<br \/>\n<em>] <a href=\"https:\/\/apnews.com\/article\/espect-culos-e5ddb9b83046909cfd86614b99ef5758\" target=\"_blank\" rel=\"noopener\">AP<\/a>.<\/em><\/p>\n<p style=\"text-align: justify;\">The Walt Disney Co. cambi\u00f3 sus planes de estreno el martes, pospuso algunos de sus t\u00edtulos m\u00e1s grandes y cambi\u00f3 la fecha de \u201cBlack Widow\u201d de Marvel que se estrenar\u00e1 en Disney+ al mismo tiempo que llega a los cines.<\/p>\n<p style=\"text-align: justify;\">\u201cBlack Widow\u201d, que originalmente iba a debutar en mayo de 2020, marcar\u00eda el comienzo de la temporada veraniega de 2021 el 7 de mayo. Ahora se estrenar\u00e1 el 9 de julio. Y lo har\u00e1 de forma simult\u00e1nea en el servicio de streaming del estudio por una cuota de 30 d\u00f3lares por acceso anticipado.<\/p>\n<p style=\"text-align: justify;\">Para los cines, que comienzan a reabrir tras meses muy duros de cierre por la pandemia, el anuncio fue un golpe a las esperanzas de una recuperaci\u00f3n inminente. Aunque pel\u00edculas m\u00e1s y m\u00e1s grandes han cambiado al streaming y servicios premium on-demand en meses recientes, las pel\u00edculas de Marvel son de los productos m\u00e1s redituables y taquilleros de Hollywood.<\/p>\n<p style=\"text-align: justify;\">En cambio ahora Disney comenzar\u00e1 su temporada veraniega con \u201cCruella\u201d en su fecha previamente programada, el 28 de mayo. La pel\u00edcula derivada de \u201c101 Dalmatians\u201d (\u201c101 D\u00e1lmatas\u201d) con Emma Stone tambi\u00e9n se estrenar\u00e1 en cines y en Disney+ por 30 d\u00f3lares \u2014 en el mismo modelo h\u00edbrido que el estudio eligi\u00f3 para su estreno reciente de \u201cRaya and the Last Dragon\u201d (\u201cRaya y el \u00faltimo drag\u00f3n\u201d).<\/p>\n<p style=\"text-align: justify;\">Disney no ha revelado los datos de n\u00famero de espectadores para \u201cRaya and the Last Dragon\u201d pero el martes dijo que su resultado fue \u201cexitoso\u201d.<\/p>\n<p style=\"text-align: justify;\">\u201cEl anuncio de hoy refleja nuestro enfoque para proporcionar opciones a los consumidores y servir a las preferencias en evoluci\u00f3n de las audiencias\u201d, dijo Kareem Daniel, jefe de distribuci\u00f3n de Disney. \u201cAl provechar al m\u00e1ximo una estrategia de distribuci\u00f3n flexible en un mercado din\u00e1mico que est\u00e1 comenzando a recuperarse de una pandemia global, seguiremos empleando las mejores opciones para presentar la narrativa sin igual de The Walt Disney Company para fans y familias en el mundo\u201d.<\/p>\n<p style=\"text-align: justify;\">La pel\u00edcula de Pixar \u201cLuca\u201d omitir\u00e1 los cines por completo. El 18 de junio debutar\u00e1 exclusivamente en Disney+. En diciembre, al anunciar una variedad ambiciosa de programaci\u00f3n para streaming, la empresa sugiri\u00f3 que Disney+ ser\u00eda la casa regular de Pixar, entre otras marcas.<\/p>\n<p style=\"text-align: justify;\">En los pr\u00f3ximos a\u00f1os Disney planea estrenar directamente en Disney+ no s\u00f3lo todo un grupo de pel\u00edculas de \u201cStar Wars\u201d y Marvel sino 15 pel\u00edculas y 15 series de Pixar, animadas y con actores.<\/p>\n<p style=\"text-align: justify;\">El estudio tambi\u00e9n pospuso los estrenos de \u201cFree Guy\u201d (\u201cFree Guy: Tomando el control\u201d) del 21 de mayo al 13 de agosto; \u201cShang-Chi and the Legend of the Ten Rings\u201d (\u201cShang-Chi y la leyena de los diez anillos\u201d) del 9 de julio al 3 de agosto; \u201cDeep Water\u201d del 13 de agosto a enero de 2022; \u201cThe King\u2019s Man\u201d (\u201cKing\u2019s Man: El origen\u201d) del 20 de agosto al 22 de diciembre; y \u201cDeath on the Nile\u201d (\u201cMuerte en el Nilo\u201d) del 17 de septiembre a febrero de 2022.<\/p>\n","protected":false},"excerpt":{"rendered":"<p>NUEVA YORK * 23 de marzo de 2021. ] AP. The Walt Disney Co. cambi\u00f3 sus planes de estreno el martes, pospuso algunos de sus t\u00edtulos m\u00e1s grandes y cambi\u00f3 la fecha de \u201cBlack Widow\u201d de Marvel que se estrenar\u00e1 en Disney+ al mismo tiempo que llega a los cines. \u201cBlack Widow\u201d, que originalmente iba&#8230;<\/p>\n","protected":false},"author":2,"featured_media":1223216,"comment_status":"closed","ping_status":"closed","sticky":false,"template":"","format":"standard","meta":{"footnotes":""},"categories":[2054,18563,1972,18561],"tags":[4763,7385,12767,13556,16094],"class_list":["post-1223214","post","type-post","status-publish","format-standard","has-post-thumbnail","hentry","category-entertainment","category-entretenimiento","category-special","category-society-politics","tag-black-widow","tag-disney","tag-marvel","tag-natasha-romanoff","tag-scarlett-johansson"],"_links":{"self":[{"href":"https:\/\/www.acapulcopress.com\/index.php\/wp-json\/wp\/v2\/posts\/1223214","targetHints":{"allow":["GET"]}}],"collection":[{"href":"https:\/\/www.acapulcopress.com\/index.php\/wp-json\/wp\/v2\/posts"}],"about":[{"href":"https:\/\/www.acapulcopress.com\/index.php\/wp-json\/wp\/v2\/types\/post"}],"author":[{"embeddable":true,"href":"https:\/\/www.acapulcopress.com\/index.php\/wp-json\/wp\/v2\/users\/2"}],"replies":[{"embeddable":true,"href":"https:\/\/www.acapulcopress.com\/index.php\/wp-json\/wp\/v2\/comments?post=1223214"}],"version-history":[{"count":0,"href":"https:\/\/www.acapulcopress.com\/index.php\/wp-json\/wp\/v2\/posts\/1223214\/revisions"}],"wp:featuredmedia":[{"embeddable":true,"href":"https:\/\/www.acapulcopress.com\/index.php\/wp-json\/"}],"wp:attachment":[{"href":"https:\/\/www.acapulcopress.com\/index.php\/wp-json\/wp\/v2\/media?parent=1223214"}],"wp:term":[{"taxonomy":"category","embeddable":true,"href":"https:\/\/www.acapulcopress.com\/index.php\/wp-json\/wp\/v2\/categories?post=1223214"},{"taxonomy":"post_tag","embeddable":true,"href":"https:\/\/www.acapulcopress.com\/index.php\/wp-json\/wp\/v2\/tags?post=1223214"}],"curies":[{"name":"wp","href":"https:\/\/api.w.org\/{rel}","templated":true}]}}