{"id":1223221,"date":"2021-03-23T18:51:36","date_gmt":"2021-03-24T00:51:36","guid":{"rendered":"https:\/\/www.acapulcopress.com\/?p=1223221"},"modified":"2021-03-23T18:51:36","modified_gmt":"2021-03-24T00:51:36","slug":"presidente-y-gobernadores-firman-acuerdo-nacional-por-la-democracia","status":"publish","type":"post","link":"https:\/\/www.acapulcopress.com\/index.php\/2021\/03\/23\/presidente-y-gobernadores-firman-acuerdo-nacional-por-la-democracia\/","title":{"rendered":"Presidente y Gobernadores firman Acuerdo Nacional por la Democracia"},"content":{"rendered":"<p>CIUDAD DE M\u00c9XICO * 23 de marzo de 2021.<br \/>\n<em>] Gobierno de M\u00e9xico.<\/em><\/p>\n<p style=\"text-align: justify;\">El presidente Andr\u00e9s Manuel L\u00f3pez Obrador firm\u00f3 el Acuerdo Nacional por la Democracia con las y los mandatarios estatales.<\/p>\n<p>\u201cTodas y todos nos comprometimos a garantizar elecciones libres, limpias y respetar la voluntad del pueblo\u201d, subray\u00f3 el jefe del Ejecutivo tras concluir la reuni\u00f3n en el Sal\u00f3n de la Tesorer\u00eda de Palacio Nacional.<\/p>\n<p><img loading=\"lazy\" decoding=\"async\" class=\"alignnone wp-image-1223223 size-large\" src=\"https:\/\/www.acapulco.press\/wp-content\/uploads\/2021\/03\/PACTO-POR-LA-DEMOCRACIA2-840x560.jpg\" alt=\"\" width=\"840\" height=\"560\" \/><\/p>\n","protected":false},"excerpt":{"rendered":"<p>CIUDAD DE M\u00c9XICO * 23 de marzo de 2021. ] Gobierno de M\u00e9xico. El presidente Andr\u00e9s Manuel L\u00f3pez Obrador firm\u00f3 el Acuerdo Nacional por la Democracia con las y los mandatarios estatales. \u201cTodas y todos nos comprometimos a garantizar elecciones libres, limpias y respetar la voluntad del pueblo\u201d, subray\u00f3 el jefe del Ejecutivo tras concluir&#8230;<\/p>\n","protected":false},"author":2,"featured_media":1223222,"comment_status":"closed","ping_status":"closed","sticky":false,"template":"","format":"standard","meta":{"footnotes":""},"categories":[1969],"tags":[3234,3896,7806],"class_list":["post-1223221","post","type-post","status-publish","format-standard","has-post-thumbnail","hentry","category-trending","tag-acuerdo-nacional-por-la-democracia","tag-andres-manuel-lopez-obrador","tag-elecciones-2021"],"_links":{"self":[{"href":"https:\/\/www.acapulcopress.com\/index.php\/wp-json\/wp\/v2\/posts\/1223221","targetHints":{"allow":["GET"]}}],"collection":[{"href":"https:\/\/www.acapulcopress.com\/index.php\/wp-json\/wp\/v2\/posts"}],"about":[{"href":"https:\/\/www.acapulcopress.com\/index.php\/wp-json\/wp\/v2\/types\/post"}],"author":[{"embeddable":true,"href":"https:\/\/www.acapulcopress.com\/index.php\/wp-json\/wp\/v2\/users\/2"}],"replies":[{"embeddable":true,"href":"https:\/\/www.acapulcopress.com\/index.php\/wp-json\/wp\/v2\/comments?post=1223221"}],"version-history":[{"count":0,"href":"https:\/\/www.acapulcopress.com\/index.php\/wp-json\/wp\/v2\/posts\/1223221\/revisions"}],"wp:featuredmedia":[{"embeddable":true,"href":"https:\/\/www.acapulcopress.com\/index.php\/wp-json\/"}],"wp:attachment":[{"href":"https:\/\/www.acapulcopress.com\/index.php\/wp-json\/wp\/v2\/media?parent=1223221"}],"wp:term":[{"taxonomy":"category","embeddable":true,"href":"https:\/\/www.acapulcopress.com\/index.php\/wp-json\/wp\/v2\/categories?post=1223221"},{"taxonomy":"post_tag","embeddable":true,"href":"https:\/\/www.acapulcopress.com\/index.php\/wp-json\/wp\/v2\/tags?post=1223221"}],"curies":[{"name":"wp","href":"https:\/\/api.w.org\/{rel}","templated":true}]}}