{"id":1223228,"date":"2021-03-23T19:06:15","date_gmt":"2021-03-24T01:06:15","guid":{"rendered":"https:\/\/www.acapulcopress.com\/?p=1223228"},"modified":"2021-03-23T19:06:15","modified_gmt":"2021-03-24T01:06:15","slug":"presidente-garantiza-suficiencia-de-vacunas-para-la-poblacion","status":"publish","type":"post","link":"https:\/\/www.acapulcopress.com\/index.php\/2021\/03\/23\/presidente-garantiza-suficiencia-de-vacunas-para-la-poblacion\/","title":{"rendered":"Presidente garantiza suficiencia de vacunas para la poblaci\u00f3n"},"content":{"rendered":"<p style=\"text-align: justify;\">CIUDAD DE M\u00c9XICO * 23 de marzo de 2021.<br \/>\n<em>] Gobierno de M\u00e9xico.<\/em><\/p>\n<p style=\"text-align: justify;\">El presidente Andr\u00e9s Manuel L\u00f3pez Obrador reafirm\u00f3 que habr\u00e1 vacunas suficientes contra COVID-19 para toda la poblaci\u00f3n.<\/p>\n<p style=\"text-align: justify;\"><img loading=\"lazy\" decoding=\"async\" class=\"alignleft size-medium wp-image-1223230\" src=\"https:\/\/www.acapulco.press\/wp-content\/uploads\/2021\/03\/AMLO-VACUNAS-C19.2-375x245.jpg\" alt=\"\" width=\"375\" height=\"245\" \/>En conferencia de prensa matutina, el mandatario resalt\u00f3 que en M\u00e9xico se envasa en la planta de Drugmex ubicada en Quer\u00e9taro el primer lote de vacunas de la farmac\u00e9utica CanSino Biologics.<\/p>\n<p style=\"text-align: justify;\">Detall\u00f3 que ser\u00e1n de \u00fanica aplicaci\u00f3n y cada semana habr\u00e1 un mill\u00f3n 500 mil dosis que se complementar\u00e1n con las que llegan a M\u00e9xico a partir de los distintos convenios internacionales.<\/p>\n<p style=\"text-align: justify;\">\u201cTenemos garantizado el abasto de vacunas. No nos van a faltar. Eso lo digo de manera categ\u00f3rica, sin dudas de ning\u00fan tipo: Vamos a aplicar cada vez m\u00e1s vacunas. Lo m\u00e1s dif\u00edcil era conseguirlas y ya se tienen, incluso vacunas que se est\u00e1n envasando en M\u00e9xico, que ya est\u00e1n por aplicarse\u201d, asever\u00f3.<\/p>\n<p style=\"text-align: justify;\">El secretario de Relaciones Exteriores, Marcelo Ebrard Casaubon, destac\u00f3 que se trata de las primeras dosis envasadas en Am\u00e9rica Latina y la \u00fanica vacuna de China envasada fuera de ese pa\u00eds.<\/p>\n<p style=\"text-align: justify;\">Precis\u00f3 que el pasado lunes inici\u00f3 la distribuci\u00f3n de m\u00e1s de 940 mil dosis de la vacuna denominada Convidencia de CanSino Biologics.<\/p>\n<p style=\"text-align: justify;\">Existe un contrato por 35 millones de dosis a lo largo de 2021 y en el pa\u00eds se tiene la sustancia necesaria para envasar 5 millones de dosis, lo que fortalecer\u00e1 la capacidad de producci\u00f3n local.<\/p>\n<p style=\"text-align: justify;\">Esta vacuna es segura para la poblaci\u00f3n mexicana, ya que 14 mil 611 personas fueron voluntarias en los ensayos cl\u00ednicos fase III y ha sido aplicada con \u00e9xito en personas adultas mayores de 65 a\u00f1os.<\/p>\n<p style=\"text-align: justify;\">El canciller expuso que en la \u00faltima semana M\u00e9xico recibi\u00f3 2 millones 608 mil 035 dosis de vacunas contra COVID-19 listas para aplicarse.<\/p>\n<p style=\"text-align: justify;\">De estas, 667 mil 875 dosis son de la vacuna Pfizer-BioNTech y llegaron el 16 de marzo, y un mill\u00f3n de dosis de la vacuna Sinovac, cuyo embarque arrib\u00f3 el 18 de marzo.<\/p>\n<p style=\"text-align: justify;\">Adelant\u00f3 que hay entregas comprometidas por 632 mil 775 dosis de la vacuna Pfizer para el 30 de marzo. De esta farmac\u00e9utica hoy llegaron 658 mil 125 dosis.<\/p>\n<p style=\"text-align: justify;\">De Sinovac, el 25 de marzo llegar\u00e1 un mill\u00f3n de dosis. De Sputnik V se esperan 500 mil dosis el 29 de marzo y de AstraZeneca, 2.7 millones entre marzo y abril procedentes de Estados Unidos y 6 millones a granel el 24 de marzo.<\/p>\n<p style=\"text-align: justify;\">El jefe del Ejecutivo destac\u00f3 la eficiencia del Operativo Correcaminos implementado por el gobierno federal y dijo que \u201ctodo ha salido bien, no se nos han echado a perder a pesar de que requieren refrigeraci\u00f3n especial algunas de esas vacunas. Todo esto por la forma en la que se ha manejado la distribuci\u00f3n de las vacunas y la log\u00edstica\u201d.<\/p>\n<p style=\"text-align: justify;\">Autoridades llaman a mantener cuidados para prevenir contagios de COVID-19 en periodo vacacional<\/p>\n<p style=\"text-align: justify;\">Con un dec\u00e1logo de recomendaciones, el subsecretario de Prevenci\u00f3n y Promoci\u00f3n de la Salud, Hugo L\u00f3pez-Gatell Ram\u00edrez, llam\u00f3 a evitar el riesgo de contagio durante el pr\u00f3ximo periodo vacacional.<\/p>\n<p style=\"text-align: justify;\">Durante la presentaci\u00f3n del informe sobre el control de la epidemia de COVID-19 explic\u00f3 que se trata de diez puntos para que todas las personas fortalezcan la pr\u00e1ctica de los lineamientos t\u00e9cnicos de seguridad sanitaria que se implementan desde el inicio de la emergencia.<\/p>\n<p style=\"text-align: justify;\">El objetivo principal, dijo, es \u201cestar libres de riesgo o reducir al m\u00e1ximo posible con los elementos existentes los riesgos de contagio, de enfermedad, en espacios p\u00fablicos cerrados, en espacios p\u00fablicos abiertos, en la industria tur\u00edstica de manera espec\u00edfica\u201d.<\/p>\n<p style=\"text-align: justify;\">El gobierno federal, a trav\u00e9s de la Secretar\u00eda de Salud, recomienda:<\/p>\n<p style=\"text-align: justify;\">01.- Disfruta el paseo con tu familia cerca de tu casa.<br \/>\n02.- Aprovecha la semana mayor para pasar tiempo con tu familia.<br \/>\n03.- Asiste a lugares con poca gente.<br \/>\n04.- Si sales hazlo en grupos de m\u00e1ximo 5 personas y elige lugares al aire libre con<br \/>\nbuena ventilaci\u00f3n.<br \/>\n05.- Procura salir en horarios en donde haya menos gente y regresa a dormir a casa.<br \/>\n06.- Con familiares o amistades ten encuentros seguros: m\u00e1ximo 8 personas, sana distancia.<br \/>\n07.- Si participas de los eventos religiosos, h\u00e1zlo desde casa.<br \/>\n08.- Prot\u00e9gete del calor, usa ropa ligera, lentes, protector solar e hidr\u00e1tate.<br \/>\n09.- Sigue las medidas b\u00e1sicas de prevenci\u00f3n: sana distancia, uso correcto de cubreboca y lavado frecuente de manos.<br \/>\n10.- Si te es posible, qu\u00e9date en casa.<\/p>\n","protected":false},"excerpt":{"rendered":"<p>CIUDAD DE M\u00c9XICO * 23 de marzo de 2021. ] Gobierno de M\u00e9xico. El presidente Andr\u00e9s Manuel L\u00f3pez Obrador reafirm\u00f3 que habr\u00e1 vacunas suficientes contra COVID-19 para toda la poblaci\u00f3n. En conferencia de prensa matutina, el mandatario resalt\u00f3 que en M\u00e9xico se envasa en la planta de Drugmex ubicada en Quer\u00e9taro el primer lote de&#8230;<\/p>\n","protected":false},"author":2,"featured_media":1223229,"comment_status":"closed","ping_status":"closed","sticky":false,"template":"","format":"standard","meta":{"footnotes":""},"categories":[1969],"tags":[3895,5105,17740,17742,17746],"class_list":["post-1223228","post","type-post","status-publish","format-standard","has-post-thumbnail","hentry","category-trending","tag-andres-manuel-lopez-obrado","tag-cansino-biologics","tag-vacuna-pfizer-biontech","tag-vacuna-sputnik-v","tag-vacunas-covid19"],"_links":{"self":[{"href":"https:\/\/www.acapulcopress.com\/index.php\/wp-json\/wp\/v2\/posts\/1223228","targetHints":{"allow":["GET"]}}],"collection":[{"href":"https:\/\/www.acapulcopress.com\/index.php\/wp-json\/wp\/v2\/posts"}],"about":[{"href":"https:\/\/www.acapulcopress.com\/index.php\/wp-json\/wp\/v2\/types\/post"}],"author":[{"embeddable":true,"href":"https:\/\/www.acapulcopress.com\/index.php\/wp-json\/wp\/v2\/users\/2"}],"replies":[{"embeddable":true,"href":"https:\/\/www.acapulcopress.com\/index.php\/wp-json\/wp\/v2\/comments?post=1223228"}],"version-history":[{"count":0,"href":"https:\/\/www.acapulcopress.com\/index.php\/wp-json\/wp\/v2\/posts\/1223228\/revisions"}],"wp:featuredmedia":[{"embeddable":true,"href":"https:\/\/www.acapulcopress.com\/index.php\/wp-json\/"}],"wp:attachment":[{"href":"https:\/\/www.acapulcopress.com\/index.php\/wp-json\/wp\/v2\/media?parent=1223228"}],"wp:term":[{"taxonomy":"category","embeddable":true,"href":"https:\/\/www.acapulcopress.com\/index.php\/wp-json\/wp\/v2\/categories?post=1223228"},{"taxonomy":"post_tag","embeddable":true,"href":"https:\/\/www.acapulcopress.com\/index.php\/wp-json\/wp\/v2\/tags?post=1223228"}],"curies":[{"name":"wp","href":"https:\/\/api.w.org\/{rel}","templated":true}]}}