{"id":1223235,"date":"2021-03-23T19:30:34","date_gmt":"2021-03-24T01:30:34","guid":{"rendered":"https:\/\/www.acapulcopress.com\/?p=1223235"},"modified":"2021-03-23T19:30:34","modified_gmt":"2021-03-24T01:30:34","slug":"somos-mas-los-que-anhelamos-un-futuro-mejor-para-acapulco-victor-aguirre","status":"publish","type":"post","link":"https:\/\/www.acapulcopress.com\/index.php\/2021\/03\/23\/somos-mas-los-que-anhelamos-un-futuro-mejor-para-acapulco-victor-aguirre\/","title":{"rendered":"Somos m\u00e1s los que anhelamos un futuro mejor para Acapulco |  #V\u00edctor Aguirre"},"content":{"rendered":"<p style=\"text-align: justify;\">ACAPULCO * 23 de marzo de 2021.<br \/>\n<em>] Acapulco Press.<\/em><\/p>\n<p style=\"text-align: justify;\"><img loading=\"lazy\" decoding=\"async\" class=\"alignleft size-medium wp-image-1223239\" src=\"https:\/\/www.acapulco.press\/wp-content\/uploads\/2021\/03\/VAA-SOMOS-MAS3-375x250.jpg\" alt=\"\" width=\"375\" height=\"250\" \/>Desde la perspectiva del aspirante perredista a la Presidencia municipal, V\u00edctor Aguirre Alcaide, \u00abcontinuamos siendo m\u00e1s los que anhelamos mejores oportunidades para todos\u00bb y un mejor futuro para Acapulco.a<\/p>\n<p style=\"text-align: justify;\">Sustentado en los constantes recorridos que realiza en barrios y colonias del puerto, Aguirre sostiene que \u00aben los rostros de nuestra gente puedo ver reflejado el sentimiento de miles de acapulque\u00f1os dispuestos a actuar en favor de su entorno\u00bb, motivo por el cual trabaja, junto con hombres y mujeres comprometidas con el bienestar del municipio y sus habitantes por un Acapulco con futuro, que solo ser\u00e1 posible con un gobierno ciudadano que Aguirre Alcaide se propone encabezar si los acapulque\u00f1os le confieren su confianza el pr\u00f3ximo 6 de junio para que gobierne para todos los acapulque\u00f1os, sin diferencias pol\u00edticas ni sociales para nadie.<\/p>\n<p style=\"text-align: justify;\"><img loading=\"lazy\" decoding=\"async\" class=\"alignnone wp-image-1223240 size-large\" src=\"https:\/\/www.acapulco.press\/wp-content\/uploads\/2021\/03\/VAA-SOMOS-MAS4-840x561.jpg\" alt=\"\" width=\"840\" height=\"561\" \/><\/p>\n<p style=\"text-align: justify;\"><img loading=\"lazy\" decoding=\"async\" class=\"alignnone wp-image-1223238 size-large\" src=\"https:\/\/www.acapulco.press\/wp-content\/uploads\/2021\/03\/VAA-SOMOS-MAS2-840x560.jpg\" alt=\"\" width=\"840\" height=\"560\" \/><\/p>\n","protected":false},"excerpt":{"rendered":"<p>ACAPULCO * 23 de marzo de 2021. ] Acapulco Press. Desde la perspectiva del aspirante perredista a la Presidencia municipal, V\u00edctor Aguirre Alcaide, \u00abcontinuamos siendo m\u00e1s los que anhelamos mejores oportunidades para todos\u00bb y un mejor futuro para Acapulco.a Sustentado en los constantes recorridos que realiza en barrios y colonias del puerto, Aguirre sostiene que&#8230;<\/p>\n","protected":false},"author":2,"featured_media":1223237,"comment_status":"closed","ping_status":"closed","sticky":false,"template":"","format":"standard","meta":{"footnotes":""},"categories":[1969,2053,1972],"tags":[2592,2913,14804,17843],"class_list":["post-1223235","post","type-post","status-publish","format-standard","has-post-thumbnail","hentry","category-trending","category-elecciones-special","category-special","tag-acapulcotienefuturo","tag-vaxacapulco","tag-prd","tag-victor-aguirre-alcaide"],"_links":{"self":[{"href":"https:\/\/www.acapulcopress.com\/index.php\/wp-json\/wp\/v2\/posts\/1223235","targetHints":{"allow":["GET"]}}],"collection":[{"href":"https:\/\/www.acapulcopress.com\/index.php\/wp-json\/wp\/v2\/posts"}],"about":[{"href":"https:\/\/www.acapulcopress.com\/index.php\/wp-json\/wp\/v2\/types\/post"}],"author":[{"embeddable":true,"href":"https:\/\/www.acapulcopress.com\/index.php\/wp-json\/wp\/v2\/users\/2"}],"replies":[{"embeddable":true,"href":"https:\/\/www.acapulcopress.com\/index.php\/wp-json\/wp\/v2\/comments?post=1223235"}],"version-history":[{"count":0,"href":"https:\/\/www.acapulcopress.com\/index.php\/wp-json\/wp\/v2\/posts\/1223235\/revisions"}],"wp:featuredmedia":[{"embeddable":true,"href":"https:\/\/www.acapulcopress.com\/index.php\/wp-json\/"}],"wp:attachment":[{"href":"https:\/\/www.acapulcopress.com\/index.php\/wp-json\/wp\/v2\/media?parent=1223235"}],"wp:term":[{"taxonomy":"category","embeddable":true,"href":"https:\/\/www.acapulcopress.com\/index.php\/wp-json\/wp\/v2\/categories?post=1223235"},{"taxonomy":"post_tag","embeddable":true,"href":"https:\/\/www.acapulcopress.com\/index.php\/wp-json\/wp\/v2\/tags?post=1223235"}],"curies":[{"name":"wp","href":"https:\/\/api.w.org\/{rel}","templated":true}]}}