{"id":1223256,"date":"2021-03-23T20:39:40","date_gmt":"2021-03-24T02:39:40","guid":{"rendered":"https:\/\/www.acapulcopress.com\/?p=1223256"},"modified":"2021-03-23T20:39:40","modified_gmt":"2021-03-24T02:39:40","slug":"ange-irra-vayan-amarrando-bien-las-navajas","status":"publish","type":"post","link":"https:\/\/www.acapulcopress.com\/index.php\/2021\/03\/23\/ange-irra-vayan-amarrando-bien-las-navajas\/","title":{"rendered":"\u00c1nge Irra | \u00a1Vayan amarrando bien las navajas!"},"content":{"rendered":"<p style=\"text-align: justify;\">Un Rapid\u00edn<br \/>\n<strong>Con \u00c1ngel Irra Carceda<\/strong><br \/>\n<em>] angelirracar@hotmail.com.<\/em><\/p>\n<p style=\"text-align: justify;\">El priista Mario Moreno Arcos ya se declar\u00f3 m\u00e1s listo para debatir con sus contendientes por la gubernatura.<\/p>\n<p><img loading=\"lazy\" decoding=\"async\" class=\"alignleft size-medium wp-image-1223257\" src=\"https:\/\/www.acapulco.press\/wp-content\/uploads\/2021\/03\/felix-375x194.jpg\" alt=\"\" width=\"375\" height=\"194\" \/>\u201cEstoy preparado para participar en cuantos debates haya\u201d, resalt\u00f3 Mario Moreno este martes 23 en Acapulco.<\/p>\n<p>El Instituto Electoral y de Participaci\u00f3n Ciudadana (IEPC) organizar\u00e1 dos debates entre los contendientes.<\/p>\n<p>Pero, tambi\u00e9n medios de comunicaci\u00f3n lo podr\u00e1n hacer, previa autorizaci\u00f3n del propio IEPC.<\/p>\n<p>Habr\u00e1 que estar pendientes de la postura del morenista F\u00e9lix Salgado Macedonio, y la de los dem\u00e1s aspirantes a la gubernatura.<\/p>\n<p>Sin embargo, la atenci\u00f3n se centrar\u00e1 entre el candidato del PRI-PRD, Mario Moreno, y el de Morena, F\u00e9lix Salgado.<\/p>\n<p>Hasta hace unos 15 d\u00edas, F\u00e9lix Salgado se manten\u00eda como puntero en las preferencias ciudadanas, pero Mario Moreno poco a poco ha ido acortando la distancia.<\/p>\n<p>Seguramente fue porque el priista dio un buen tranco al iniciar campa\u00f1a antes que F\u00e9lix Salgado, quien durante una semana solo vio como aqu\u00e9l ya empezaba a recorrer el estado.<\/p>\n<p>Se espera pronta respuesta del morenista a lo que deber\u00eda tomarse como un claro y directo reto del priista.<\/p>\n<p>\u00a1Vayan cerrando las puertas!<\/p>\n","protected":false},"excerpt":{"rendered":"<p>Un Rapid\u00edn Con \u00c1ngel Irra Carceda ] angelirracar@hotmail.com. El priista Mario Moreno Arcos ya se declar\u00f3 m\u00e1s listo para debatir con sus contendientes por la gubernatura. \u201cEstoy preparado para participar en cuantos debates haya\u201d, resalt\u00f3 Mario Moreno este martes 23 en Acapulco. El Instituto Electoral y de Participaci\u00f3n Ciudadana (IEPC) organizar\u00e1 dos debates entre los&#8230;<\/p>\n","protected":false},"author":2,"featured_media":1223258,"comment_status":"closed","ping_status":"closed","sticky":false,"template":"","format":"standard","meta":{"footnotes":""},"categories":[2071,1991],"tags":[3938,8467,10248,12685,13297,14804,14914,17511],"class_list":["post-1223256","post","type-post","status-publish","format-standard","has-post-thumbnail","hentry","category-opinion-analisis-columnas","category-libertad-de-expresion","tag-angel-irra-carceda","tag-felix-salgado-macedonio","tag-instituto-electoral-y-de-participacion-ciudadana-iepc","tag-mario-moreno-arcos","tag-morena","tag-prd","tag-pri","tag-un-rapidin"],"_links":{"self":[{"href":"https:\/\/www.acapulcopress.com\/index.php\/wp-json\/wp\/v2\/posts\/1223256","targetHints":{"allow":["GET"]}}],"collection":[{"href":"https:\/\/www.acapulcopress.com\/index.php\/wp-json\/wp\/v2\/posts"}],"about":[{"href":"https:\/\/www.acapulcopress.com\/index.php\/wp-json\/wp\/v2\/types\/post"}],"author":[{"embeddable":true,"href":"https:\/\/www.acapulcopress.com\/index.php\/wp-json\/wp\/v2\/users\/2"}],"replies":[{"embeddable":true,"href":"https:\/\/www.acapulcopress.com\/index.php\/wp-json\/wp\/v2\/comments?post=1223256"}],"version-history":[{"count":0,"href":"https:\/\/www.acapulcopress.com\/index.php\/wp-json\/wp\/v2\/posts\/1223256\/revisions"}],"wp:featuredmedia":[{"embeddable":true,"href":"https:\/\/www.acapulcopress.com\/index.php\/wp-json\/"}],"wp:attachment":[{"href":"https:\/\/www.acapulcopress.com\/index.php\/wp-json\/wp\/v2\/media?parent=1223256"}],"wp:term":[{"taxonomy":"category","embeddable":true,"href":"https:\/\/www.acapulcopress.com\/index.php\/wp-json\/wp\/v2\/categories?post=1223256"},{"taxonomy":"post_tag","embeddable":true,"href":"https:\/\/www.acapulcopress.com\/index.php\/wp-json\/wp\/v2\/tags?post=1223256"}],"curies":[{"name":"wp","href":"https:\/\/api.w.org\/{rel}","templated":true}]}}