{"id":1223271,"date":"2021-03-24T18:10:39","date_gmt":"2021-03-25T00:10:39","guid":{"rendered":"https:\/\/www.acapulcopress.com\/?p=1223271"},"modified":"2021-03-24T18:10:39","modified_gmt":"2021-03-25T00:10:39","slug":"capturan-a-marcial-por-violador-y-dos-mas-son-vinculados-a-proceso-por-secuestro","status":"publish","type":"post","link":"https:\/\/www.acapulcopress.com\/index.php\/2021\/03\/24\/capturan-a-marcial-por-violador-y-dos-mas-son-vinculados-a-proceso-por-secuestro\/","title":{"rendered":"Capturan a Marcial por violador y dos m\u00e1s son vinculados a proceso por secuestro"},"content":{"rendered":"<p style=\"text-align: justify;\">CHILPANCINGO * 24 de marzo de 2021.<br \/>\n<em>] https:\/\/fiscaliaguerrero.gob.mx.<\/em><\/p>\n<p style=\"text-align: justify;\">La Polic\u00eda Investigadora Ministerial adscrita en Atoyac de \u00c1lvarez, dio cumplimiento a la orden de aprehensi\u00f3n en contra de Marcial \u00abN\u00bb, alias \u00abEl Pel\u00f3n\u00bb, acusado como probable responsable del delito de Violaci\u00f3n en agravio de una menor de edad.<\/p>\n<p style=\"text-align: justify;\">El imputado fue detenido en la localidad de El Ticui, municipio de Atoyac de \u00c1lvarez, acusado por hechos relacionados en la causa penal 78\/2016-I, donde se se\u00f1ala que comet\u00eda el delito en agravio de la menor cuando se quedaban solos en el mismo domicilio y lo hac\u00eda bajo amenazas.<\/p>\n<p style=\"text-align: justify;\">Marcial \u00abN\u00bb fue trasladado a la ciudad de Acapulco quedando a disposici\u00f3n del Juez Segundo de Primera Instancia Penal del Distrito de Tabares, para que determine la situaci\u00f3n jur\u00eddica.<\/p>\n<p style=\"text-align: justify;\">La Fiscal\u00eda General del Estado continuar\u00e1 investigando los delitos del fuero com\u00fan y con especial seguimiento los cometidos en temas de igualdad de g\u00e9nero y menores de edad en el estado de Guerrero.<\/p>\n<p style=\"text-align: justify;\">Fiscal\u00eda de Guerrero obtuvo vinculaci\u00f3n a proceso en contra de Salvador \u00abN\u00bb y Aurelio \u201cN\u201d, por delito de Secuestro en agravio de f\u00e9mina en Pedro Ascensio de Alquisiras, regi\u00f3n Norte.<\/p>\n<p style=\"text-align: justify;\">A PROCESO DOS SECUESTRADORES DE IGUALA<\/p>\n<p>La Fiscal\u00eda General del Estado obtuvo vinculaci\u00f3n a proceso en contra de Salvador \u00abN\u00bb y Aurelio \u201cN\u201d, como probables <img loading=\"lazy\" decoding=\"async\" class=\"alignleft size-medium wp-image-1223272\" src=\"https:\/\/www.acapulco.press\/wp-content\/uploads\/2021\/03\/FGE-AURELIO-Y-SALVADOR-SECUESTRO-375x375.jpg\" alt=\"\" width=\"375\" height=\"375\" \/>responsables del delito de Secuestro Agravado de f\u00e9mina, en la ciudad de Iguala de la Independencia.<\/p>\n<p style=\"text-align: justify;\">Los imputados son se\u00f1alados como quienes privaron de la libertad en complicidad con m\u00e1s personas a la v\u00edctima, cuando \u00e9sta se encontraba en su domicilio, para llevarla a una casa de seguridad y exigir dinero por su liberaci\u00f3n, esto en la poblaci\u00f3n de San Pedro Atengo, municipio de Pedro Ascensio de Alquisiras.<\/p>\n<p style=\"text-align: justify;\">Ambos fueron detenidos en la colonia Lomas de Juitepec, en Juitepec, Morelos por agentes ministeriales de esa entidad y de Guerrero, siendo trasladados y puestos a disposici\u00f3n del Juez de Control con sede en la ciudad de Iguala de la Independencia, por hechos en la carpeta judicial C-91\/2020.<\/p>\n<p style=\"text-align: justify;\">En audiencia el Ministerio P\u00fablico aport\u00f3 los datos de prueba y el Juez de Control resolvi\u00f3 vinculaci\u00f3n a proceso en contra de los imputados, otorgando tres meses de investigaci\u00f3n complementaria y quedando internos en el Centro de Reinserci\u00f3n Social de Iguala bajo la medida cautelar de prisi\u00f3n preventiva.<\/p>\n","protected":false},"excerpt":{"rendered":"<p>CHILPANCINGO * 24 de marzo de 2021. ] https:\/\/fiscaliaguerrero.gob.mx. La Polic\u00eda Investigadora Ministerial adscrita en Atoyac de \u00c1lvarez, dio cumplimiento a la orden de aprehensi\u00f3n en contra de Marcial \u00abN\u00bb, alias \u00abEl Pel\u00f3n\u00bb, acusado como probable responsable del delito de Violaci\u00f3n en agravio de una menor de edad. El imputado fue detenido en la localidad&#8230;<\/p>\n","protected":false},"author":2,"featured_media":1223273,"comment_status":"closed","ping_status":"closed","sticky":false,"template":"","format":"standard","meta":{"footnotes":""},"categories":[18561,2005],"tags":[8682,10946,14737],"class_list":["post-1223271","post","type-post","status-publish","format-standard","has-post-thumbnail","hentry","category-society-politics","category-seguridad-y-justicia","tag-fiscalia-general-de-guerrero-fge","tag-jorge-zuriel-de-los-santos-barrila","tag-policia-ministerial-de-guerrero"],"_links":{"self":[{"href":"https:\/\/www.acapulcopress.com\/index.php\/wp-json\/wp\/v2\/posts\/1223271","targetHints":{"allow":["GET"]}}],"collection":[{"href":"https:\/\/www.acapulcopress.com\/index.php\/wp-json\/wp\/v2\/posts"}],"about":[{"href":"https:\/\/www.acapulcopress.com\/index.php\/wp-json\/wp\/v2\/types\/post"}],"author":[{"embeddable":true,"href":"https:\/\/www.acapulcopress.com\/index.php\/wp-json\/wp\/v2\/users\/2"}],"replies":[{"embeddable":true,"href":"https:\/\/www.acapulcopress.com\/index.php\/wp-json\/wp\/v2\/comments?post=1223271"}],"version-history":[{"count":0,"href":"https:\/\/www.acapulcopress.com\/index.php\/wp-json\/wp\/v2\/posts\/1223271\/revisions"}],"wp:featuredmedia":[{"embeddable":true,"href":"https:\/\/www.acapulcopress.com\/index.php\/wp-json\/"}],"wp:attachment":[{"href":"https:\/\/www.acapulcopress.com\/index.php\/wp-json\/wp\/v2\/media?parent=1223271"}],"wp:term":[{"taxonomy":"category","embeddable":true,"href":"https:\/\/www.acapulcopress.com\/index.php\/wp-json\/wp\/v2\/categories?post=1223271"},{"taxonomy":"post_tag","embeddable":true,"href":"https:\/\/www.acapulcopress.com\/index.php\/wp-json\/wp\/v2\/tags?post=1223271"}],"curies":[{"name":"wp","href":"https:\/\/api.w.org\/{rel}","templated":true}]}}