{"id":1223312,"date":"2021-03-24T23:00:07","date_gmt":"2021-03-25T05:00:07","guid":{"rendered":"https:\/\/www.acapulcopress.com\/?p=1223312"},"modified":"2021-03-24T23:00:07","modified_gmt":"2021-03-25T05:00:07","slug":"angel-irra-embestida-al-toro-proponen-en-el-ine-cancelar-su-candidatura","status":"publish","type":"post","link":"https:\/\/www.acapulcopress.com\/index.php\/2021\/03\/24\/angel-irra-embestida-al-toro-proponen-en-el-ine-cancelar-su-candidatura\/","title":{"rendered":"\u00c1ngel Irra | Embestida al Toro : Proponen en el INE cancelar su candidatura"},"content":{"rendered":"<p style=\"text-align: justify;\">Un Rapid\u00edn<br \/>\n<strong>] Con \u00c1ngel Irra Carceda.<\/strong><br \/>\n<em>angelirracar@hotmail.com.<\/em><\/p>\n<p style=\"text-align: justify;\">En medios nacionales \u201cvol\u00f3\u201d la noche de este mi\u00e9rcoles le posibilidad de que el Instituto Nacional Electoral (INE), cancele la candidatura de F\u00e9lix Salgado Macedonio.<\/p>\n<p style=\"text-align: justify;\">Informaron que la Comisi\u00f3n de Fiscalizaci\u00f3n del INE acord\u00f3 cancelar el registro de la candidatura de F\u00e9lix Salgado Macedonio a la gubernatura de Guerrero, porque present\u00f3 sus gastos de precampa\u00f1a en cero, y adem\u00e1s a destiempo.<br \/>\nLa dr\u00e1stica sanci\u00f3n, la cancelaci\u00f3n de una candidatura por los motivos arriba expuestos, est\u00e1 prevista en la Ley en la materia, se inform\u00f3.<\/p>\n<p style=\"text-align: justify;\">La Comisi\u00f3n de Fiscalizaci\u00f3n propuso ya esa severa sanci\u00f3n al pol\u00e9mico F\u00e9lix Salgado Macedonio, y para este jueves est\u00e1 prevista una sesi\u00f3n del Consejo General del INE.<\/p>\n<p style=\"text-align: justify;\">Ser\u00e1 una sesi\u00f3n extraordinaria del Consejo General del INE, en la que tambi\u00e9n se analizar\u00edan, discutir\u00edan y aprobar\u00edan, en su caso, sanciones similares a otros candidatos que incurrieron en la misma irregularidad.<\/p>\n<p style=\"text-align: justify;\">El de F\u00e9lix Salgado Macedonio es un caso que pone en predicamento al propio presidente Andr\u00e9s Manuel L\u00f3pez Obrador, pues es por dem\u00e1s del dominio p\u00fablico que ha respaldado con todo su poder al guerrerense en su aspiraci\u00f3n a la gubernatura de Guerrero.<\/p>\n<p style=\"text-align: justify;\">Se difundi\u00f3 que la Comisi\u00f3n de Fiscalizaci\u00f3n del INE sesion\u00f3 en privado, y que votaron a favor tres de cinco integrantes por cancelar el registro de la candidatura.<\/p>\n<p style=\"text-align: justify;\">Ya se ver\u00e1 en qu\u00e9 termina este caso este jueves, durante la sesi\u00f3n del Consejo General del INE.<\/p>\n","protected":false},"excerpt":{"rendered":"<p>Un Rapid\u00edn ] Con \u00c1ngel Irra Carceda. angelirracar@hotmail.com. En medios nacionales \u201cvol\u00f3\u201d la noche de este mi\u00e9rcoles le posibilidad de que el Instituto Nacional Electoral (INE), cancele la candidatura de F\u00e9lix Salgado Macedonio. Informaron que la Comisi\u00f3n de Fiscalizaci\u00f3n del INE acord\u00f3 cancelar el registro de la candidatura de F\u00e9lix Salgado Macedonio a la gubernatura&#8230;<\/p>\n","protected":false},"author":2,"featured_media":1223313,"comment_status":"closed","ping_status":"closed","sticky":false,"template":"","format":"standard","meta":{"footnotes":""},"categories":[2071,1991],"tags":[3938,8467,10133,17511],"class_list":["post-1223312","post","type-post","status-publish","format-standard","has-post-thumbnail","hentry","category-opinion-analisis-columnas","category-libertad-de-expresion","tag-angel-irra-carceda","tag-felix-salgado-macedonio","tag-ine","tag-un-rapidin"],"_links":{"self":[{"href":"https:\/\/www.acapulcopress.com\/index.php\/wp-json\/wp\/v2\/posts\/1223312","targetHints":{"allow":["GET"]}}],"collection":[{"href":"https:\/\/www.acapulcopress.com\/index.php\/wp-json\/wp\/v2\/posts"}],"about":[{"href":"https:\/\/www.acapulcopress.com\/index.php\/wp-json\/wp\/v2\/types\/post"}],"author":[{"embeddable":true,"href":"https:\/\/www.acapulcopress.com\/index.php\/wp-json\/wp\/v2\/users\/2"}],"replies":[{"embeddable":true,"href":"https:\/\/www.acapulcopress.com\/index.php\/wp-json\/wp\/v2\/comments?post=1223312"}],"version-history":[{"count":0,"href":"https:\/\/www.acapulcopress.com\/index.php\/wp-json\/wp\/v2\/posts\/1223312\/revisions"}],"wp:featuredmedia":[{"embeddable":true,"href":"https:\/\/www.acapulcopress.com\/index.php\/wp-json\/"}],"wp:attachment":[{"href":"https:\/\/www.acapulcopress.com\/index.php\/wp-json\/wp\/v2\/media?parent=1223312"}],"wp:term":[{"taxonomy":"category","embeddable":true,"href":"https:\/\/www.acapulcopress.com\/index.php\/wp-json\/wp\/v2\/categories?post=1223312"},{"taxonomy":"post_tag","embeddable":true,"href":"https:\/\/www.acapulcopress.com\/index.php\/wp-json\/wp\/v2\/tags?post=1223312"}],"curies":[{"name":"wp","href":"https:\/\/api.w.org\/{rel}","templated":true}]}}