{"id":1223373,"date":"2021-03-25T17:32:50","date_gmt":"2021-03-25T23:32:50","guid":{"rendered":"https:\/\/www.acapulcopress.com\/?p=1223373"},"modified":"2021-03-25T17:32:50","modified_gmt":"2021-03-25T23:32:50","slug":"la-cuarta-transformacion-no-admite-discriminacion-ni-racismo-afirma-amlo","status":"publish","type":"post","link":"https:\/\/www.acapulcopress.com\/index.php\/2021\/03\/25\/la-cuarta-transformacion-no-admite-discriminacion-ni-racismo-afirma-amlo\/","title":{"rendered":"La Cuarta Transformaci\u00f3n no admite discriminaci\u00f3n ni racismo, afirma AMLO"},"content":{"rendered":"<p style=\"text-align: justify;\">CHAMPOT\u00d3N, Campeche. * 25 de marzo de 2021.<br \/>\n<em>] Gobierno de M\u00e9xico.<\/em><\/p>\n<p style=\"text-align: justify;\">\u201cLa Cuarta Transformaci\u00f3n que est\u00e1 en marcha tiene como tarea combatir el clasismo, la discriminaci\u00f3n y el racismo\u201d, afirm\u00f3 el presidente Andr\u00e9s Manuel L\u00f3pez Obrador al encabezar la conmemoraci\u00f3n de la Victoria de <img loading=\"lazy\" decoding=\"async\" class=\"alignleft size-medium wp-image-1223374\" src=\"https:\/\/www.acapulco.press\/wp-content\/uploads\/2021\/03\/CHAKAN-PUTUM-2-375x250.jpg\" alt=\"\" width=\"375\" height=\"250\" \/>Chak\u00e1n Putum en Champot\u00f3n, Campeche.<\/p>\n<p style=\"text-align: justify;\">El mandatario sostuvo que el gobierno que encabeza promueve una constante reivindicaci\u00f3n de la grandeza cultural de los pueblos originarios.<\/p>\n<p style=\"text-align: justify;\">Adem\u00e1s, para revertir el rezago y la marginaci\u00f3n, en la entrega de programas sociales se prioriza a Chiapas, Oaxaca, Guerrero, Yucat\u00e1n y Campeche, estados que concentran a la poblaci\u00f3n ind\u00edgena del pa\u00eds.<\/p>\n<p style=\"text-align: justify;\">\u201cDe todos los mexicanos, son los ind\u00edgenas los que m\u00e1s atenci\u00f3n obtienen de nuestro gobierno; casi el 100 por ciento <img loading=\"lazy\" decoding=\"async\" class=\"alignleft size-medium wp-image-1223376\" src=\"https:\/\/www.acapulco.press\/wp-content\/uploads\/2021\/03\/CHAKAN-PUTUM3-375x250.jpg\" alt=\"\" width=\"375\" height=\"250\" \/>de los hogares ind\u00edgenas de todas las etnias y culturas del pa\u00eds, reciben, cuando menos, un programa de apoyo para el bienestar. (\u2026) Estamos demostrando con hechos que es correcto nuestro lema de que, por el bien de todos, primero los pobres\u201d, remarc\u00f3.<\/p>\n<p style=\"text-align: justify;\">\u201cTenemos la convicci\u00f3n de que la regeneraci\u00f3n del pa\u00eds solo podr\u00e1 darse si se fortalecen sus valores morales y espirituales, y la mayor reserva de ellos se conserva en las comunidades ind\u00edgenas y en las familias de M\u00e9xico. Est\u00e1 demostrado que en los pueblos ind\u00edgenas, pese a todo, se mantienen las tradiciones, las costumbres y la organizaci\u00f3n comunitaria, y que en ellos hay m\u00e1s honestidad y menos violencia, y se practica m\u00e1s el amor al pr\u00f3jimo y el respeto a la naturaleza\u201d, asever\u00f3.<\/p>\n<p>El jefe del Ejecutivo lament\u00f3 que persisten las expresiones y actitudes racistas entre la poblaci\u00f3n.<\/p>\n<p style=\"text-align: justify;\">A la conmemoraci\u00f3n asisti\u00f3 el presidente del Estado Plurinacional de Bolivia, Luis Arce Catacora, al que el presidente Lopez Obrador manifest\u00f3 su reconocimiento por la forma en que han atendido la demanda de los pueblos originarios de ese pa\u00eds.<\/p>\n<p style=\"text-align: justify;\">Dijo que su hom\u00f3logo ha sido protagonista de la transformaci\u00f3n en Bolivia porque fue el encargado de manejo de la econom\u00eda y supo equilibrar crecimiento con bienestar.<\/p>\n<p style=\"text-align: justify;\">Asegur\u00f3 que \u201cBolivia es el mejor ejemplo a seguir en este important\u00edsimo asunto; en Bolivia, luego de dictaduras y reg\u00edmenes autoritarios entreguistas, lleg\u00f3 a la presidencia un ind\u00edgena, Evo Morales y en 14 a\u00f1os cambi\u00f3 la realidad que imperaba de oprobio y desprecio a la poblaci\u00f3n mayoritariamente ind\u00edgena por una forma de vida fincada en la igualdad, el respeto a la pluralidad cultural y el progreso con justicia\u201d.<\/p>\n<p>Resalt\u00f3 que ha sido el pa\u00eds del continente con m\u00e1s crecimiento econ\u00f3mico en m\u00e1s de una d\u00e9cada; se recuperaron los recursos naturales que estaban en manos de extranjeros; sacaron de la marginaci\u00f3n a millones de familias pobres y dieron a Am\u00e9rica Latina una lecci\u00f3n de civismo y democracia.<\/p>\n<p style=\"text-align: justify;\">\u201cAcabaron con el mito de que el pueblo es malagradecido, porque despu\u00e9s del reciente golpe de Estado, en medio de amenazas y persecuciones, la gente humilde, los ind\u00edgenas fueron a las urnas y votaron por usted, que gan\u00f3 en las elecciones desde la primera vuelta con mucha ventaja\u201d, enfatiz\u00f3.<\/p>\n","protected":false},"excerpt":{"rendered":"<p>CHAMPOT\u00d3N, Campeche. * 25 de marzo de 2021. ] Gobierno de M\u00e9xico. \u201cLa Cuarta Transformaci\u00f3n que est\u00e1 en marcha tiene como tarea combatir el clasismo, la discriminaci\u00f3n y el racismo\u201d, afirm\u00f3 el presidente Andr\u00e9s Manuel L\u00f3pez Obrador al encabezar la conmemoraci\u00f3n de la Victoria de Chak\u00e1n Putum en Champot\u00f3n, Campeche. El mandatario sostuvo que el&#8230;<\/p>\n","protected":false},"author":2,"featured_media":1223375,"comment_status":"closed","ping_status":"closed","sticky":false,"template":"","format":"standard","meta":{"footnotes":""},"categories":[18573,1984],"tags":[3893,5662],"class_list":["post-1223373","post","type-post","status-publish","format-standard","has-post-thumbnail","hentry","category-goverment","category-gobierno-de-mexico","tag-andres-manuel-lopez-a-obrador","tag-chakan-putum"],"_links":{"self":[{"href":"https:\/\/www.acapulcopress.com\/index.php\/wp-json\/wp\/v2\/posts\/1223373","targetHints":{"allow":["GET"]}}],"collection":[{"href":"https:\/\/www.acapulcopress.com\/index.php\/wp-json\/wp\/v2\/posts"}],"about":[{"href":"https:\/\/www.acapulcopress.com\/index.php\/wp-json\/wp\/v2\/types\/post"}],"author":[{"embeddable":true,"href":"https:\/\/www.acapulcopress.com\/index.php\/wp-json\/wp\/v2\/users\/2"}],"replies":[{"embeddable":true,"href":"https:\/\/www.acapulcopress.com\/index.php\/wp-json\/wp\/v2\/comments?post=1223373"}],"version-history":[{"count":0,"href":"https:\/\/www.acapulcopress.com\/index.php\/wp-json\/wp\/v2\/posts\/1223373\/revisions"}],"wp:featuredmedia":[{"embeddable":true,"href":"https:\/\/www.acapulcopress.com\/index.php\/wp-json\/"}],"wp:attachment":[{"href":"https:\/\/www.acapulcopress.com\/index.php\/wp-json\/wp\/v2\/media?parent=1223373"}],"wp:term":[{"taxonomy":"category","embeddable":true,"href":"https:\/\/www.acapulcopress.com\/index.php\/wp-json\/wp\/v2\/categories?post=1223373"},{"taxonomy":"post_tag","embeddable":true,"href":"https:\/\/www.acapulcopress.com\/index.php\/wp-json\/wp\/v2\/tags?post=1223373"}],"curies":[{"name":"wp","href":"https:\/\/api.w.org\/{rel}","templated":true}]}}