{"id":1223381,"date":"2021-03-25T10:36:18","date_gmt":"2021-03-25T16:36:18","guid":{"rendered":"https:\/\/www.acapulcopress.com\/?p=1223381"},"modified":"2021-03-25T10:36:18","modified_gmt":"2021-03-25T16:36:18","slug":"viernes-y-sabado-continuara-vacunacion-covid-en-acapulco-astudillo","status":"publish","type":"post","link":"https:\/\/www.acapulcopress.com\/index.php\/2021\/03\/25\/viernes-y-sabado-continuara-vacunacion-covid-en-acapulco-astudillo\/","title":{"rendered":"Viernes y s\u00e1bado continuar\u00e1 vacunaci\u00f3n Covid en Acapulco | #Astudillo"},"content":{"rendered":"<p style=\"text-align: justify;\">ACAPULCO * 25 de marzo de 2021.<br \/>\n<em>] Gobierno de M\u00e9xico.<\/em><\/p>\n<p style=\"text-align: justify;\">El gobernador H\u00e9ctor Astudillo Flores anunci\u00f3 que ma\u00f1ana reiniciar\u00e1 el proceso de vacunaci\u00f3n contra Covid-19 en Acapulco para las personas que sus apellidos paternos inician con la letras F y G, y el s\u00e1bado para H, I, J, K y L. Adem\u00e1s, inform\u00f3 que este viernes entran en vigor nuevos protocolos y medidas sanitarias con especial atenci\u00f3n en <img loading=\"lazy\" decoding=\"async\" class=\"alignleft size-medium wp-image-1223390\" src=\"https:\/\/www.acapulco.press\/wp-content\/uploads\/2021\/03\/vacunacion-gro-375x210.jpg\" alt=\"\" width=\"375\" height=\"210\" \/>las zonas tur\u00edsticas para evitar contagios de coronavirus por la inevitable llegada de vacacionistas, y que Guerrero continuar\u00e1 en sem\u00e1foro amarillo por otros 15 d\u00edas.<\/p>\n<p style=\"text-align: justify;\">En la transmisi\u00f3n diaria para dar a conocer la situaci\u00f3n que prevalece en la entidad por la emergencia sanitaria, el mandatario estatal se\u00f1al\u00f3 que se espera la llegada de un importante n\u00famero de visitantes a Guerrero, \u201cyo s\u00e9 que todo eso es un riesgo, el gobernador tiene muy claro que primero es la salud, pero que tambi\u00e9n hay que encontrar ingresos <img loading=\"lazy\" decoding=\"async\" class=\"alignleft size-medium wp-image-1223391\" src=\"https:\/\/www.acapulco.press\/wp-content\/uploads\/2021\/03\/vacunacion-gro2-375x210.jpg\" alt=\"\" width=\"375\" height=\"210\" \/>para que vivan muchas familias que durante muchos a\u00f1os se han dedicado al sector turismo y a los servicios al sector turismo\u201d.<\/p>\n<p style=\"text-align: justify;\">El delegado del gobierno federal en el estado, Iv\u00e1n Hern\u00e1ndez D\u00edaz, dio a conocer que contin\u00faa con \u00e9xito la vacunaci\u00f3n contra Covid19 en Iguala, la cual concluir\u00e1 el pr\u00f3ximo s\u00e1bado al vacunar a todos los adultos mayores.<\/p>\n<p style=\"text-align: justify;\">Asimismo, dijo que la etapa 2 de la aplicaci\u00f3n de la vacuna que iniciar\u00e1 el d\u00eda de ma\u00f1ana en Acapulco, se llevar\u00e1 a cabo <img loading=\"lazy\" decoding=\"async\" class=\"alignleft size-medium wp-image-1223392\" src=\"https:\/\/www.acapulco.press\/wp-content\/uploads\/2021\/03\/vacunacion-gro3-375x211.jpg\" alt=\"\" width=\"375\" height=\"211\" \/>en el Centro de Convenciones, Unidad Deportiva Acapulco, Tecnol\u00f3gico de Acapulco, Unidad Deportiva Jorge Campos y F\u00f3rum Mundo Imperial.<\/p>\n<p style=\"text-align: justify;\">Cabe destacar que el F\u00f3rum Mundo Imperial, es el \u00fanico macropunto de vacunaci\u00f3n en auto en el pa\u00eds que es exclusivo para personas en postraci\u00f3n o con discapacidad grave.<\/p>\n<p style=\"text-align: justify;\">Por su parte, el secretario de Salud, Carlos de la Pe\u00f1a Pintos, inform\u00f3 que han llegado a Guerrero 190 mil 690 vacunas contra Covid-19, y que se ha vacunado a 147 mil 522 personas, entre personal de salud y adultos mayores.<\/p>\n<p style=\"text-align: justify;\">Detall\u00f3 que se tiene en la entidad 37 mil 327 casos confirmados acumulados, 4 mil 04 defunciones, 110 nuevos casos confirmados, 596 casos activos, 172 pacientes hospitalizados de los cuales 38 est\u00e1n intubados, y un promedio de 11.5 defunciones por d\u00eda en el mes de marzo.<\/p>\n<p style=\"text-align: justify;\">El secretario de Turismo, Ernesto Rodr\u00edguez Escalona, explic\u00f3 que con las nuevas medidas sanitarias, las tiendas de conveniencia van a seguir operando al 50 por ciento de su capacidad. Las farmacias, hospitales, centros de salud, servicios funerarios y gasolineras, estar\u00e1n abiertos y funcionando 24 horas<\/p>\n<p style=\"text-align: justify;\">Lo que son discotecas, bares y cantinas en espacios cerrados se mantienen suspendidas las actividades; playas, bares que est\u00e1n al aire libre, restaurante y yates de recreo podr\u00e1n operar al 60 por ciento; a hoteles se les permitir\u00e1 un 10 por ciento adicional; las barras libres quedan totalmente suspendidas; los cines, casinos, museos y galer\u00edas de arte el 40 por ciento; grutas y gimnasios al 50 por ciento.<\/p>\n<p style=\"text-align: justify;\">Los eventos sociales, bodas y 15 a\u00f1os en lugares cerrados no se permiten; eventos sociales, bodas y 15 a\u00f1os en espacios abiertos al 60 por ciento; iglesias y templos al 50 por ciento y un horario de las 7 de la ma\u00f1ana hasta las 19 horas.<\/p>\n<p style=\"text-align: justify;\">Los eventos pol\u00edticos en lugares cerrados quedan prohibidos, en lugares abiertos se permite cumpliendo los protocolos.<\/p>\n","protected":false},"excerpt":{"rendered":"<p>ACAPULCO * 25 de marzo de 2021. ] Gobierno de M\u00e9xico. El gobernador H\u00e9ctor Astudillo Flores anunci\u00f3 que ma\u00f1ana reiniciar\u00e1 el proceso de vacunaci\u00f3n contra Covid-19 en Acapulco para las personas que sus apellidos paternos inician con la letras F y G, y el s\u00e1bado para H, I, J, K y L. Adem\u00e1s, inform\u00f3 que&#8230;<\/p>\n","protected":false},"author":2,"featured_media":1223382,"comment_status":"closed","ping_status":"closed","sticky":false,"template":"","format":"standard","meta":{"footnotes":""},"categories":[1969,1972,18574],"tags":[6705,9302,9705,12964,16421],"class_list":["post-1223381","post","type-post","status-publish","format-standard","has-post-thumbnail","hentry","category-trending","category-special","category-gobierno-la-foto","tag-covid19","tag-gobierno-de-guerrero","tag-hector-astudillo-flores","tag-mesa-de-coordinacion-para-la-construccion-de-la-paz","tag-semaforo-de-riesgo-covid19"],"_links":{"self":[{"href":"https:\/\/www.acapulcopress.com\/index.php\/wp-json\/wp\/v2\/posts\/1223381","targetHints":{"allow":["GET"]}}],"collection":[{"href":"https:\/\/www.acapulcopress.com\/index.php\/wp-json\/wp\/v2\/posts"}],"about":[{"href":"https:\/\/www.acapulcopress.com\/index.php\/wp-json\/wp\/v2\/types\/post"}],"author":[{"embeddable":true,"href":"https:\/\/www.acapulcopress.com\/index.php\/wp-json\/wp\/v2\/users\/2"}],"replies":[{"embeddable":true,"href":"https:\/\/www.acapulcopress.com\/index.php\/wp-json\/wp\/v2\/comments?post=1223381"}],"version-history":[{"count":0,"href":"https:\/\/www.acapulcopress.com\/index.php\/wp-json\/wp\/v2\/posts\/1223381\/revisions"}],"wp:featuredmedia":[{"embeddable":true,"href":"https:\/\/www.acapulcopress.com\/index.php\/wp-json\/"}],"wp:attachment":[{"href":"https:\/\/www.acapulcopress.com\/index.php\/wp-json\/wp\/v2\/media?parent=1223381"}],"wp:term":[{"taxonomy":"category","embeddable":true,"href":"https:\/\/www.acapulcopress.com\/index.php\/wp-json\/wp\/v2\/categories?post=1223381"},{"taxonomy":"post_tag","embeddable":true,"href":"https:\/\/www.acapulcopress.com\/index.php\/wp-json\/wp\/v2\/tags?post=1223381"}],"curies":[{"name":"wp","href":"https:\/\/api.w.org\/{rel}","templated":true}]}}