{"id":1223400,"date":"2021-03-25T18:45:24","date_gmt":"2021-03-26T00:45:24","guid":{"rendered":"https:\/\/www.acapulcopress.com\/?p=1223400"},"modified":"2021-03-25T18:45:24","modified_gmt":"2021-03-26T00:45:24","slug":"anuncia-felix-movilizaciones-para-evitar-que-le-hagan-chapuzas-y-tranzas","status":"publish","type":"post","link":"https:\/\/www.acapulcopress.com\/index.php\/2021\/03\/25\/anuncia-felix-movilizaciones-para-evitar-que-le-hagan-chapuzas-y-tranzas\/","title":{"rendered":"Anuncia F\u00e9lix movilizaciones para evitar que le hagan &#8216;chapuzas&#8217; y tranzas"},"content":{"rendered":"<p style=\"text-align: justify;\">ACAPULCO * 25 de marzo de 2021.<br \/>\n] Acapulco Press.<\/p>\n<p style=\"text-align: justify;\">Tras el aval del Consejo General del INE para cancelarle su candidatura, F\u00e9lix Salgado Macedonio amag\u00f3 con llegar a la movilizaci\u00f3n si as\u00ed lo determinan las circunstancias; no permitir\u00e1 que le hagan \u00abchapuza\u201d, asegur\u00f3.<\/p>\n<p style=\"text-align: justify;\">En su mensaje, similar al del secretario general de Morena en Guerrero, Marcial Rodr\u00edguez Salda\u00f1a, que llam\u00f3 a la militancia a protestar afuera del INE\u00a0 si se le quita la candidatura a Salgado Macedonio, el candidato de Morena sostuvo:\u00a0 \u00abVoy a ser el gobernador de Guerrero porque el pueblo as\u00ed lo dice, as\u00ed lo determina; y no nos vamos a rajar, no hay paso atr\u00e1s\u00bb.<\/p>\n<p>\u00abSi es necesario llegar a la movilizaci\u00f3n, se va a movilizar el pueblo de Guerrero, pero no vamos a permitir que hagan &#8216;chapuza&#8217;, que hagan &#8216;tranza&#8217;; el pueblo de Guerrero no se va a quedar con los brazos cruzados. \u00a1Vamos a seguir luchando! El candidato no se raja, y el pueblo menos\u00bb, subray\u00f3.<br \/>\nwww.acapulco.press<\/p>\n","protected":false},"excerpt":{"rendered":"<p>ACAPULCO * 25 de marzo de 2021. ] Acapulco Press. Tras el aval del Consejo General del INE para cancelarle su candidatura, F\u00e9lix Salgado Macedonio amag\u00f3 con llegar a la movilizaci\u00f3n si as\u00ed lo determinan las circunstancias; no permitir\u00e1 que le hagan \u00abchapuza\u201d, asegur\u00f3. En su mensaje, similar al del secretario general de Morena en&#8230;<\/p>\n","protected":false},"author":2,"featured_media":1223401,"comment_status":"closed","ping_status":"closed","sticky":false,"template":"","format":"standard","meta":{"footnotes":""},"categories":[1969],"tags":[8467,10133,13297,13773],"class_list":["post-1223400","post","type-post","status-publish","format-standard","has-post-thumbnail","hentry","category-trending","tag-felix-salgado-macedonio","tag-ine","tag-morena","tag-noticias-de-felix-salgado"],"_links":{"self":[{"href":"https:\/\/www.acapulcopress.com\/index.php\/wp-json\/wp\/v2\/posts\/1223400","targetHints":{"allow":["GET"]}}],"collection":[{"href":"https:\/\/www.acapulcopress.com\/index.php\/wp-json\/wp\/v2\/posts"}],"about":[{"href":"https:\/\/www.acapulcopress.com\/index.php\/wp-json\/wp\/v2\/types\/post"}],"author":[{"embeddable":true,"href":"https:\/\/www.acapulcopress.com\/index.php\/wp-json\/wp\/v2\/users\/2"}],"replies":[{"embeddable":true,"href":"https:\/\/www.acapulcopress.com\/index.php\/wp-json\/wp\/v2\/comments?post=1223400"}],"version-history":[{"count":0,"href":"https:\/\/www.acapulcopress.com\/index.php\/wp-json\/wp\/v2\/posts\/1223400\/revisions"}],"wp:featuredmedia":[{"embeddable":true,"href":"https:\/\/www.acapulcopress.com\/index.php\/wp-json\/"}],"wp:attachment":[{"href":"https:\/\/www.acapulcopress.com\/index.php\/wp-json\/wp\/v2\/media?parent=1223400"}],"wp:term":[{"taxonomy":"category","embeddable":true,"href":"https:\/\/www.acapulcopress.com\/index.php\/wp-json\/wp\/v2\/categories?post=1223400"},{"taxonomy":"post_tag","embeddable":true,"href":"https:\/\/www.acapulcopress.com\/index.php\/wp-json\/wp\/v2\/tags?post=1223400"}],"curies":[{"name":"wp","href":"https:\/\/api.w.org\/{rel}","templated":true}]}}