{"id":1223412,"date":"2021-03-25T19:07:42","date_gmt":"2021-03-26T01:07:42","guid":{"rendered":"https:\/\/www.acapulcopress.com\/?p=1223412"},"modified":"2021-03-25T19:07:42","modified_gmt":"2021-03-26T01:07:42","slug":"ine-prueba-precampana-de-felix-salgado-con-su-propia-cuenta-de-facebook","status":"publish","type":"post","link":"https:\/\/www.acapulcopress.com\/index.php\/2021\/03\/25\/ine-prueba-precampana-de-felix-salgado-con-su-propia-cuenta-de-facebook\/","title":{"rendered":"INE prueba precampa\u00f1a de F\u00e9lix Salgado con su propia cuenta de Facebook"},"content":{"rendered":"<p style=\"text-align: justify;\">CIUDAD DE M\u00c9XICO * 25 de marzo de 2021.<br \/>\n<em>] <a href=\"https:\/\/aristeguinoticias.com\/2503\/mexico\/ine-prueba-precampana-de-salgado-macedonio-con-su-propia-cuenta-de-facebook\/\" target=\"_blank\" rel=\"noopener\">Aristegui Noticias<\/a>.<\/em><\/p>\n<p style=\"text-align: justify;\">Aunque F\u00e9lix Salgado Macedonio asegur\u00f3 al INE que no tuvo precampa\u00f1a, el instituto recopil\u00f3 todas sus publicaciones hechas en <em>Facebook<\/em> antes de convertirse en candidato de Morena al gobierno de Guerrero, con lo cual se probar\u00eda que hizo proselitismo, de lo cual no existe un reporte de gastos como marca la ley.<\/p>\n<p style=\"text-align: justify;\">El INE tiene im\u00e1genes de proselitismo desde el 4 de enero de 2020; el 31, 27, el 5 y el 4 de diciembre pasado, as\u00ed como del 2, 3, 4, 5, 6 y 7 de enero de 2021.<\/p>\n","protected":false},"excerpt":{"rendered":"<p>CIUDAD DE M\u00c9XICO * 25 de marzo de 2021. ] Aristegui Noticias. Aunque F\u00e9lix Salgado Macedonio asegur\u00f3 al INE que no tuvo precampa\u00f1a, el instituto recopil\u00f3 todas sus publicaciones hechas en Facebook antes de convertirse en candidato de Morena al gobierno de Guerrero, con lo cual se probar\u00eda que hizo proselitismo, de lo cual no&#8230;<\/p>\n","protected":false},"author":2,"featured_media":1223413,"comment_status":"closed","ping_status":"closed","sticky":false,"template":"","format":"standard","meta":{"footnotes":""},"categories":[2052,18561],"tags":[8467,10133],"class_list":["post-1223412","post","type-post","status-publish","format-standard","has-post-thumbnail","hentry","category-elecciones","category-society-politics","tag-felix-salgado-macedonio","tag-ine"],"_links":{"self":[{"href":"https:\/\/www.acapulcopress.com\/index.php\/wp-json\/wp\/v2\/posts\/1223412","targetHints":{"allow":["GET"]}}],"collection":[{"href":"https:\/\/www.acapulcopress.com\/index.php\/wp-json\/wp\/v2\/posts"}],"about":[{"href":"https:\/\/www.acapulcopress.com\/index.php\/wp-json\/wp\/v2\/types\/post"}],"author":[{"embeddable":true,"href":"https:\/\/www.acapulcopress.com\/index.php\/wp-json\/wp\/v2\/users\/2"}],"replies":[{"embeddable":true,"href":"https:\/\/www.acapulcopress.com\/index.php\/wp-json\/wp\/v2\/comments?post=1223412"}],"version-history":[{"count":0,"href":"https:\/\/www.acapulcopress.com\/index.php\/wp-json\/wp\/v2\/posts\/1223412\/revisions"}],"wp:featuredmedia":[{"embeddable":true,"href":"https:\/\/www.acapulcopress.com\/index.php\/wp-json\/"}],"wp:attachment":[{"href":"https:\/\/www.acapulcopress.com\/index.php\/wp-json\/wp\/v2\/media?parent=1223412"}],"wp:term":[{"taxonomy":"category","embeddable":true,"href":"https:\/\/www.acapulcopress.com\/index.php\/wp-json\/wp\/v2\/categories?post=1223412"},{"taxonomy":"post_tag","embeddable":true,"href":"https:\/\/www.acapulcopress.com\/index.php\/wp-json\/wp\/v2\/tags?post=1223412"}],"curies":[{"name":"wp","href":"https:\/\/api.w.org\/{rel}","templated":true}]}}