{"id":1223418,"date":"2021-03-25T19:29:42","date_gmt":"2021-03-26T01:29:42","guid":{"rendered":"https:\/\/www.acapulcopress.com\/?p=1223418"},"modified":"2021-03-25T19:29:42","modified_gmt":"2021-03-26T01:29:42","slug":"de-al-diablo-las-instituciones-a-modernizarlas","status":"publish","type":"post","link":"https:\/\/www.acapulcopress.com\/index.php\/2021\/03\/25\/de-al-diablo-las-instituciones-a-modernizarlas\/","title":{"rendered":"De \u00abal diablo las Instituciones\u00bb a modernizarlas"},"content":{"rendered":"<p style=\"text-align: justify;\"><em>Tercera V\u00eda<\/em><br \/>\n<strong>] Ernesto Rivera Rodr\u00edguez.<\/strong><\/p>\n<p style=\"text-align: justify;\">El tono de emitir nuestros palabras tiene mucho que decir sobre la fuerza de las mismas. No es lo mismo afirmar: \u00abal diablo las instituciones\u00bb, que expresar: \u00abModernizaremos el poder judicial. En pol\u00edtica la forma es fondo.<\/p>\n<p style=\"text-align: justify;\">En la semana del 27 aniversario de la muerte de Luis Donaldo Colosio Murrieta, los argumentos sobre su visi\u00f3n del M\u00e9xico que \u00e9l anhelaba hoy parecen convertidos en demagogia, pero existen voces que significan en su discurso extraer el sentido actual de las mismas y en este aniversario m\u00e1s Mario Moreno atendi\u00f3 sin demagogia las palabras del sonorense sacrificado en Lomas Taurinas, Tijuana: \u00abtrabajar incansablemente por los hombres y mujeres marginados de este estado\u00bb&#8230;sin dejar de observar que los principios de Colosio est\u00e1n vigentes.<\/p>\n<p style=\"text-align: justify;\">A todos los mexicanos y aqu\u00ed a los guerrerenses nos importa mucho que pasa con la justicia y el poder judicial, en tiempos de una profunda reconstrucci\u00f3n politica y social pos pandemia, c\u00f3mo lo ha expresado fehacientemente Mario Moreno Arcos, c\u00e1ndidato de la alianza \u00abVa por Guerrero\u00bb, PRI-PRD<\/p>\n<p style=\"text-align: justify;\">Moreno Arcos sabe muy bien que si no tenemos organismos pol\u00edticos y de justicia fuertes y consecuentes en Guerrero, el cambio a proponer en el que hay que trabajar e impulsar ser\u00e1 muy dif\u00edcil, por lo que los tres poderes de gobierno deber\u00e1n estar indisolublemente vinculados y que los proyectos en materia judicial est\u00e9n avalados por c\u00e1maras y colegios de abogados organizados&#8230; s\u00f3lo falta que \u00e9stos se organicen.<\/p>\n<p style=\"text-align: justify;\">Si Moreno Arcos es un hombre de Instituciones esto lo demostr\u00f3 al celebrar que el gobernador H\u00e9ctor Astudillo, haya acordado el pacto por ser el responsable de la democracia en Guerrero.<\/p>\n<p style=\"text-align: justify;\">Mario Moreno Arcos debe tener claro que adem\u00e1s del discurso eminentemente pol\u00edtico que promueve, es como ya lo mencionamos en la anterior entrega contar con la estructura predominante electoral y la promoci\u00f3n y defensa del voto que no quede en manos a instancias que dejaron de funcionar hace tiempo o por un crecimiento oportunista, o por tener al partido como trampol\u00edn para cargos pol\u00edticos. Que est\u00e1n a la vista.<\/p>\n","protected":false},"excerpt":{"rendered":"<p>Tercera V\u00eda ] Ernesto Rivera Rodr\u00edguez. El tono de emitir nuestros palabras tiene mucho que decir sobre la fuerza de las mismas. No es lo mismo afirmar: \u00abal diablo las instituciones\u00bb, que expresar: \u00abModernizaremos el poder judicial. En pol\u00edtica la forma es fondo. En la semana del 27 aniversario de la muerte de Luis Donaldo&#8230;<\/p>\n","protected":false},"author":2,"featured_media":1223420,"comment_status":"closed","ping_status":"closed","sticky":false,"template":"","format":"standard","meta":{"footnotes":""},"categories":[2071,1991],"tags":[8063,9705,12685,17071],"class_list":["post-1223418","post","type-post","status-publish","format-standard","has-post-thumbnail","hentry","category-opinion-analisis-columnas","category-libertad-de-expresion","tag-ernesto-rivera-rodriguez","tag-hector-astudillo-flores","tag-mario-moreno-arcos","tag-tercera-via"],"_links":{"self":[{"href":"https:\/\/www.acapulcopress.com\/index.php\/wp-json\/wp\/v2\/posts\/1223418","targetHints":{"allow":["GET"]}}],"collection":[{"href":"https:\/\/www.acapulcopress.com\/index.php\/wp-json\/wp\/v2\/posts"}],"about":[{"href":"https:\/\/www.acapulcopress.com\/index.php\/wp-json\/wp\/v2\/types\/post"}],"author":[{"embeddable":true,"href":"https:\/\/www.acapulcopress.com\/index.php\/wp-json\/wp\/v2\/users\/2"}],"replies":[{"embeddable":true,"href":"https:\/\/www.acapulcopress.com\/index.php\/wp-json\/wp\/v2\/comments?post=1223418"}],"version-history":[{"count":0,"href":"https:\/\/www.acapulcopress.com\/index.php\/wp-json\/wp\/v2\/posts\/1223418\/revisions"}],"wp:featuredmedia":[{"embeddable":true,"href":"https:\/\/www.acapulcopress.com\/index.php\/wp-json\/"}],"wp:attachment":[{"href":"https:\/\/www.acapulcopress.com\/index.php\/wp-json\/wp\/v2\/media?parent=1223418"}],"wp:term":[{"taxonomy":"category","embeddable":true,"href":"https:\/\/www.acapulcopress.com\/index.php\/wp-json\/wp\/v2\/categories?post=1223418"},{"taxonomy":"post_tag","embeddable":true,"href":"https:\/\/www.acapulcopress.com\/index.php\/wp-json\/wp\/v2\/tags?post=1223418"}],"curies":[{"name":"wp","href":"https:\/\/api.w.org\/{rel}","templated":true}]}}