{"id":1223449,"date":"2021-03-25T21:12:54","date_gmt":"2021-03-26T03:12:54","guid":{"rendered":"https:\/\/www.acapulcopress.com\/?p=1223449"},"modified":"2021-03-25T21:12:54","modified_gmt":"2021-03-26T03:12:54","slug":"biden-critica-a-mexico-por-no-acoger-a-migrantes-deportados-de-estados-unidos","status":"publish","type":"post","link":"https:\/\/www.acapulcopress.com\/index.php\/2021\/03\/25\/biden-critica-a-mexico-por-no-acoger-a-migrantes-deportados-de-estados-unidos\/","title":{"rendered":"Biden critica a M\u00e9xico por no acoger a migrantes deportados de Estados Unidos"},"content":{"rendered":"<p style=\"text-align: justify;\">WASHINGTON. * 25 de marzo de 2021.<br \/>\n<em>] <a href=\"https:\/\/www.efe.com\/efe\/america\/mexico\/biden-critica-a-mexico-por-no-acoger-familias-migrantes-que-eeuu-deporta\/50000545-4497237\" target=\"_blank\" rel=\"noopener\">Efe<\/a>.<\/em><\/p>\n<p style=\"text-align: justify;\">El presidente estadounidense, Joe Biden, defendi\u00f3 su pol\u00edtica migratoria este jueves y critic\u00f3 que M\u00e9xico se est\u00e1 negando a acoger a las familias migrantes que EUA deporta por haber cruzado irregularmente la frontera, acogi\u00e9ndose a una norma implementada por el anterior mandatario, Donald Trump.<\/p>\n<p style=\"text-align: justify;\">\u00abEstamos negociando con el presidente de M\u00e9xico, creo que vamos a ver un cambio, todos (los migrantes indocumentados) deber\u00edan poder ser devueltos\u00bb, afirm\u00f3 Biden durante la primera rueda de prensa diaria de su mandato, buena parte de la cual estuvo dedicada a la inmigraci\u00f3n.<\/p>\n<p style=\"text-align: justify;\">Sobre la crisis migratoria que afronta el pa\u00eds por la llegada de menores, el mandatario dijo que \u00abnada ha cambiado\u00bb en la frontera con M\u00e9xico.<\/p>\n<p style=\"text-align: justify;\">A su juicio, el aumento de la inmigraci\u00f3n y de los menores que llegan solos \u00abpasa todos los a\u00f1os\u00bb a la vez que critic\u00f3 con dureza a su predecesor.<\/p>\n<p style=\"text-align: justify;\">\u00ab(Trump) Desmantel\u00f3 todos los elementos existentes para tratar con lo que ha sido y sigue siendo un problema por un largo tiempo\u00bb, remarc\u00f3 Biden, quien asegur\u00f3 que lo que su Gobierno est\u00e1 haciendo ahora es \u00abreconstruir\u00bb el sistema para que se pueda adaptar a lo que est\u00e1 sucediendo ahora.<\/p>\n<p style=\"text-align: justify;\">Por otro lado, Biden fue contundente al ser preguntado sobre su decisi\u00f3n, nada m\u00e1s llegar a la Casa Blanca el pasado 20 de enero, de retirar algunas de las estrictas normas aplicadas por Trump para frenar la inmigraci\u00f3n.<\/p>\n<p style=\"text-align: justify;\">\u00abNo me disculpar\u00e9 por eso, por finalizar programas que no exist\u00edan antes de que Trump fuese presidente y que han tenido un impacto incre\u00edblemente negativo\u00bb, tanto en la ley de EUA y en la normativa internacional como en la \u00abdignidad humana\u00bb, replic\u00f3 en tono desafiante.<\/p>\n<p style=\"text-align: justify;\">Por \u00faltimo, eludi\u00f3 comentar si tiene intenci\u00f3n de visitar la frontera, y en este punto asegur\u00f3 que no quiere ser \u00abel centro de atenci\u00f3n\u00bb.<\/p>\n<p style=\"text-align: justify;\">Biden design\u00f3 esta semana a su vicepresidenta, Kamala Harris, como la encargada de liderar la misi\u00f3n de frenar la migraci\u00f3n irregular desde Centroam\u00e9rica y la coordinaci\u00f3n con El Salvador, Honduras y Guatemala para combatir los problemas de violencia y corrupci\u00f3n que provocan la huida de sus ciudadanos hacia el norte.<\/p>\n<p style=\"text-align: justify;\">La migraci\u00f3n irregular de Centroam\u00e9rica a EUA ha crecido en los \u00faltimos meses y ha colapsado el sistema de acogida, lo que ha provocado cr\u00edticas hacia su Administraci\u00f3n.<\/p>\n<p style=\"text-align: justify;\">Gran parte de las cr\u00edticas se han centrado en la situaci\u00f3n de los menores que han cruzado la frontera en las \u00faltimas semanas y que han tenido que quedarse m\u00e1s tiempo del permitido por la ley en centros de Oficina de Aduanas y Protecci\u00f3n Fronteriza (CBP, en ingl\u00e9s) que est\u00e1n dise\u00f1ados para adultos, no para ni\u00f1os o adolescentes.<\/p>\n<p style=\"text-align: justify;\">Seg\u00fan fuentes gubernamentales citadas por los medios, la CBP tiene bajo su custodia alrededor de 5.000 menores de edad, mientras que los albergues del Departamento de Salud acogen actualmente a unos 15.000 ni\u00f1os y adolescentes que han cruzado la frontera sin la compa\u00f1\u00eda de sus padres o un tutor legal.<\/p>\n","protected":false},"excerpt":{"rendered":"<p>WASHINGTON. * 25 de marzo de 2021. ] Efe. El presidente estadounidense, Joe Biden, defendi\u00f3 su pol\u00edtica migratoria este jueves y critic\u00f3 que M\u00e9xico se est\u00e1 negando a acoger a las familias migrantes que EUA deporta por haber cruzado irregularmente la frontera, acogi\u00e9ndose a una norma implementada por el anterior mandatario, Donald Trump. \u00abEstamos negociando&#8230;<\/p>\n","protected":false},"author":2,"featured_media":1223451,"comment_status":"closed","ping_status":"closed","sticky":false,"template":"","format":"standard","meta":{"footnotes":""},"categories":[18561,1998],"tags":[10821],"class_list":["post-1223449","post","type-post","status-publish","format-standard","has-post-thumbnail","hentry","category-society-politics","category-proteccion-ciudadana","tag-joe-binden"],"_links":{"self":[{"href":"https:\/\/www.acapulcopress.com\/index.php\/wp-json\/wp\/v2\/posts\/1223449","targetHints":{"allow":["GET"]}}],"collection":[{"href":"https:\/\/www.acapulcopress.com\/index.php\/wp-json\/wp\/v2\/posts"}],"about":[{"href":"https:\/\/www.acapulcopress.com\/index.php\/wp-json\/wp\/v2\/types\/post"}],"author":[{"embeddable":true,"href":"https:\/\/www.acapulcopress.com\/index.php\/wp-json\/wp\/v2\/users\/2"}],"replies":[{"embeddable":true,"href":"https:\/\/www.acapulcopress.com\/index.php\/wp-json\/wp\/v2\/comments?post=1223449"}],"version-history":[{"count":0,"href":"https:\/\/www.acapulcopress.com\/index.php\/wp-json\/wp\/v2\/posts\/1223449\/revisions"}],"wp:featuredmedia":[{"embeddable":true,"href":"https:\/\/www.acapulcopress.com\/index.php\/wp-json\/"}],"wp:attachment":[{"href":"https:\/\/www.acapulcopress.com\/index.php\/wp-json\/wp\/v2\/media?parent=1223449"}],"wp:term":[{"taxonomy":"category","embeddable":true,"href":"https:\/\/www.acapulcopress.com\/index.php\/wp-json\/wp\/v2\/categories?post=1223449"},{"taxonomy":"post_tag","embeddable":true,"href":"https:\/\/www.acapulcopress.com\/index.php\/wp-json\/wp\/v2\/tags?post=1223449"}],"curies":[{"name":"wp","href":"https:\/\/api.w.org\/{rel}","templated":true}]}}