{"id":1223470,"date":"2021-03-26T01:24:11","date_gmt":"2021-03-26T07:24:11","guid":{"rendered":"https:\/\/www.acapulcopress.com\/?p=1223470"},"modified":"2021-03-26T01:24:11","modified_gmt":"2021-03-26T07:24:11","slug":"se-compromete-mario-moreno-a-que-en-su-gobierno-haya-abasto-de-medicamentos","status":"publish","type":"post","link":"https:\/\/www.acapulcopress.com\/index.php\/2021\/03\/26\/se-compromete-mario-moreno-a-que-en-su-gobierno-haya-abasto-de-medicamentos\/","title":{"rendered":"Se compromete Mario Moreno a que en su gobierno haya abasto de medicamentos"},"content":{"rendered":"<p style=\"text-align: justify;\">* <strong>\u00abNosotros no nos ocupamos por lo que sucede con los de enfrente, nosotros seguimos firmes trabajando en propuestas que beneficien verdaderamente a los guerrerenses\u201d<\/strong>, suscribe el candidato de la coalici\u00f3n PRI\/PRD.<\/p>\n<div style=\"width: 640px;\" class=\"wp-video\"><video class=\"wp-video-shortcode\" id=\"video-1223470-1\" width=\"640\" height=\"352\" preload=\"metadata\" controls=\"controls\"><source type=\"video\/mp4\" src=\"https:\/\/www.acapulco.press\/wp-content\/uploads\/2021\/03\/mmaz.mp4?_=1\" \/><a href=\"https:\/\/www.acapulco.press\/wp-content\/uploads\/2021\/03\/mmaz.mp4\">https:\/\/www.acapulco.press\/wp-content\/uploads\/2021\/03\/mmaz.mp4<\/a><\/video><\/div>\n<p style=\"text-align: justify;\">ZUMPANGO, Gro. * 25 de marzo de 2021.<br \/>\n<em>] Especial.<\/em><\/p>\n<p style=\"text-align: justify;\">El candidato a gobernador de la coalici\u00f3n \u201cVa por Guerrero\u201d, integrada por el PRI y PRD, Mario Moreno Arcos, se <img loading=\"lazy\" decoding=\"async\" class=\"alignleft size-medium wp-image-1223479\" src=\"https:\/\/www.acapulco.press\/wp-content\/uploads\/2021\/03\/MARIO-ZUMPANGO9-375x250.jpg\" alt=\"\" width=\"375\" height=\"250\" \/>comprometi\u00f3 a que, en su gobierno, haya abasto de medicamentos en hospitales y centros de salud de todo el estado y vigilar que eso cumpla cabalmente.<\/p>\n<p style=\"text-align: justify;\">En un encuentro con estructuras del PRI y PRD en esta cabecera municipal de Eduardo Neri, Moreno Arcos record\u00f3 que cuando fue diputado federal, gestion\u00f3 recursos para la ampliaci\u00f3n de la carretera a cuatro carriles Chilpancingo-Zumpango y que con su intervenci\u00f3n, los Bienes Comunales de Eduardo Neri le entregaron el predio para que ah\u00ed se construyera lo que hoy es el hospital general \u201cRaymundo Abarca Alarc\u00f3n\u201d.<\/p>\n<p style=\"text-align: justify;\"><img loading=\"lazy\" decoding=\"async\" class=\"alignleft size-medium wp-image-1223478\" src=\"https:\/\/www.acapulco.press\/wp-content\/uploads\/2021\/03\/MARIO-ZUMPANGO8-375x250.jpg\" alt=\"\" width=\"375\" height=\"250\" \/>El candidato dijo que la tecnificaci\u00f3n del campo llegar\u00e1 a comunidades de Eduardo Neri con la compra de tractores y semilla mejorada y asegur\u00f3 a los campesinos que el fertilizante lo tendr\u00e1n en tiempo y forma.<\/p>\n<p style=\"text-align: justify;\">En entrevista con medios de comunicaci\u00f3n, fue abordado sobre la determinaci\u00f3n del INE de retirar candidaturas como la de Morena en Guerrero, tema sobre el que respondi\u00f3: \u201cGuerrero no merece una contienda tan politizada y pisoteada, nosotros no nos ocupamos por lo que sucede con los de enfrente, nosotros seguimos firmes trabajando en propuestas que beneficien verdaderamente a los <img loading=\"lazy\" decoding=\"async\" class=\"alignleft size-medium wp-image-1223476\" src=\"https:\/\/www.acapulco.press\/wp-content\/uploads\/2021\/03\/MARIO-ZUMPANGO6-375x250.jpg\" alt=\"\" width=\"375\" height=\"250\" \/>guerrerenses\u201d, dijo.<\/p>\n<p style=\"text-align: justify;\">Sobre el tema en particular abund\u00f3: \u201cesas son cosas que no nos tocan resolver a nosotros, aqu\u00ed seguimos enfocados en nuestra meta: ganar la contienda y trabajar por las y los guerrerenses\u201d.<\/p>\n<p style=\"text-align: justify;\">En estos dos encuentros estuvieron presentes, el dirigente estatal del PRD, Alberto Catal\u00e1n; los perredistas Pablo Higuera Fuentes, Guadalupe Castillo, Ivet D\u00edaz, Celestino Ces\u00e1reo y la dirigente municipal en Zumpango del PRD, Isabel Pacheco.<br \/>\nAs\u00ed como los priistas Olaguer Hern\u00e1ndez Flores, Beatriz V\u00e9lez N\u00fa\u00f1ez; el comisario de Bienes Comunales, Javier Adame y el presidente del PRI en Eduardo Neri, Fernando Soto y la secretaria general, Nadia Toledo.<\/p>\n\n","protected":false},"excerpt":{"rendered":"<p>* \u00abNosotros no nos ocupamos por lo que sucede con los de enfrente, nosotros seguimos firmes trabajando en propuestas que beneficien verdaderamente a los guerrerenses\u201d, suscribe el candidato de la coalici\u00f3n PRI\/PRD. ZUMPANGO, Gro. * 25 de marzo de 2021. ] Especial. El candidato a gobernador de la coalici\u00f3n \u201cVa por Guerrero\u201d, integrada por el&#8230;<\/p>\n","protected":false},"author":2,"featured_media":1223475,"comment_status":"closed","ping_status":"closed","sticky":false,"template":"","format":"standard","meta":{"footnotes":""},"categories":[2052,18561],"tags":[2914,5941,12685],"class_list":["post-1223470","post","type-post","status-publish","format-standard","has-post-thumbnail","hentry","category-elecciones","category-society-politics","tag-vaxguerrero","tag-coalicion-pri-prd-eleccion-guerrero-2021","tag-mario-moreno-arcos"],"_links":{"self":[{"href":"https:\/\/www.acapulcopress.com\/index.php\/wp-json\/wp\/v2\/posts\/1223470","targetHints":{"allow":["GET"]}}],"collection":[{"href":"https:\/\/www.acapulcopress.com\/index.php\/wp-json\/wp\/v2\/posts"}],"about":[{"href":"https:\/\/www.acapulcopress.com\/index.php\/wp-json\/wp\/v2\/types\/post"}],"author":[{"embeddable":true,"href":"https:\/\/www.acapulcopress.com\/index.php\/wp-json\/wp\/v2\/users\/2"}],"replies":[{"embeddable":true,"href":"https:\/\/www.acapulcopress.com\/index.php\/wp-json\/wp\/v2\/comments?post=1223470"}],"version-history":[{"count":0,"href":"https:\/\/www.acapulcopress.com\/index.php\/wp-json\/wp\/v2\/posts\/1223470\/revisions"}],"wp:featuredmedia":[{"embeddable":true,"href":"https:\/\/www.acapulcopress.com\/index.php\/wp-json\/"}],"wp:attachment":[{"href":"https:\/\/www.acapulcopress.com\/index.php\/wp-json\/wp\/v2\/media?parent=1223470"}],"wp:term":[{"taxonomy":"category","embeddable":true,"href":"https:\/\/www.acapulcopress.com\/index.php\/wp-json\/wp\/v2\/categories?post=1223470"},{"taxonomy":"post_tag","embeddable":true,"href":"https:\/\/www.acapulcopress.com\/index.php\/wp-json\/wp\/v2\/tags?post=1223470"}],"curies":[{"name":"wp","href":"https:\/\/api.w.org\/{rel}","templated":true}]}}