{"id":1223487,"date":"2021-03-26T21:05:50","date_gmt":"2021-03-27T03:05:50","guid":{"rendered":"https:\/\/www.acapulcopress.com\/?p=1223487"},"modified":"2021-03-26T21:05:50","modified_gmt":"2021-03-27T03:05:50","slug":"de-nuevo-denuncian-deficiente-servicio-y-riesgo-de-covid19-en-el-hospital-santa-lucia","status":"publish","type":"post","link":"https:\/\/www.acapulcopress.com\/index.php\/2021\/03\/26\/de-nuevo-denuncian-deficiente-servicio-y-riesgo-de-covid19-en-el-hospital-santa-lucia\/","title":{"rendered":"Denuncian deficiente servicio y riesgo de Covid19 en el hospital Santa Luc\u00eda"},"content":{"rendered":"<p style=\"text-align: justify;\"><em>\u00bb Redacci\u00f3n.<\/em><br \/>\nACAPULCO. * 26 de marzo de 2021.<br \/>\n<em>] Acapulco Press.<\/em><\/p>\n<p style=\"text-align: justify;\">Pacientes y familiares denunciaron que en el &#8216;prestigioso&#8217; hospital privado Santa Luc\u00eda predomina el p\u00e9simo servicio tanto en atenci\u00f3n m\u00e9dica como en sus instalaciones.<\/p>\n<p style=\"text-align: justify;\">Alertaron y lanzaron una alerta a la delegada del IMSS Guerrero, Josefina Estrada Mart\u00ednez, para atienda el reclamo de los derechohabientes que se atienden en dicho hospital privado con quien tienen contrato para dar abasto a la atenci\u00f3n de sus pacientes.<\/p>\n<p style=\"text-align: justify;\">Sin embargo, el hospital Santa Luc\u00eda perdi\u00f3 lo &#8216;prestigioso&#8217; desde que el pasado 10 de marzo el Instituto Mexicano del Seguro Social finiquit\u00f3 su contrato y se convirti\u00f3 en un centro de salud m\u00e1s donde falla todo: desde el elevador, que solo funciona uno de uso com\u00fan, pues lo mismo lo utilizan los empleados que los pacientes del IMSS que acuden todos los d\u00edas a recibir sus sesiones de hemodi\u00e1lisis, como pacientes, en general, que acuden a consultas privadas, lo que pone en riesgo la salud de todos los concurrentes, que por falta de santa distancia y medidas sanitaria quedan expuestos al Covid19.<\/p>\n<p style=\"text-align: justify;\">El 31 de diciembre de 2020, enfermos renales y derechohabientes del IMSS protestaron a fuera de la delegaci\u00f3n estatal, ubicada en la Unidad de Medicina Familiar 9 de la avenida Cuauht\u00e9moc, por el mal servicio que impera en el hospital privado Santa Luc\u00eda, bajo responsabilidad del IMSS Guerrero; sin embargo, la ya delegada Josefina Estrada, que tom\u00f3 protesta el 17 de febrero de ese mismo a\u00f1o, les garantiz\u00f3 que el hospital en cuesti\u00f3n reun\u00eda todos los requisitos para operar con eficiencia y calidad.<\/p>\n<p style=\"text-align: justify;\">El 10 de marzo de este a\u00f1o, la presidente de la Asociaci\u00f3n de Enfermos Renales del Estado de Guerrero, M\u00edriam Fajardo de los Santos, revel\u00f3 el p\u00e9simo servicio m\u00e9dico continuaba imperando en el hospital Santa Luc\u00eda debido a que el IMSS hab\u00eda terminado su contrato, pero debido a la interposici\u00f3n de un amparo la delegaci\u00f3n IMSS Guerrero estaba buscando la manera de solucionar el problema, pero hasta la fecha el problema no se ha resuelto, por lo que buscar\u00e1n la manera de hacer llegar la queja al director general del IMSS, Zoe Robledo Aburto, porque la situaci\u00f3n en el hospital Santa Luc\u00edas es sumamente ca\u00f3tico, como lo comprobaron esta ma\u00f1ana derechohabientes renales del IMSS y pacientes privados que volvieron a emitir una alerta a la delegada Josefina Estrada Mart\u00ednez para que intervenga y encuentre una soluci\u00f3n urgente para evitar m\u00e1s quejas y se exponga la salud de pacientes como al mismo personal del nosocomio al Covid19 por el descontrol sanitario que existe por la falta de servicio eficiente m\u00e9dico como en las instalaciones del Santa Luc\u00eda.<\/p>\n","protected":false},"excerpt":{"rendered":"<p>\u00bb Redacci\u00f3n. ACAPULCO. * 26 de marzo de 2021. ] Acapulco Press. Pacientes y familiares denunciaron que en el &#8216;prestigioso&#8217; hospital privado Santa Luc\u00eda predomina el p\u00e9simo servicio tanto en atenci\u00f3n m\u00e9dica como en sus instalaciones. Alertaron y lanzaron una alerta a la delegada del IMSS Guerrero, Josefina Estrada Mart\u00ednez, para atienda el reclamo de&#8230;<\/p>\n","protected":false},"author":2,"featured_media":1223488,"comment_status":"closed","ping_status":"closed","sticky":false,"template":"","format":"standard","meta":{"footnotes":""},"categories":[2042,1972,18561,18576],"tags":[4278,6705,9882,10090,11124,13197,13790,18327],"class_list":["post-1223487","post","type-post","status-publish","format-standard","has-post-thumbnail","hentry","category-denuncias-ciudadanas","category-special","category-society-politics","category-trends","tag-asociacion-de-enfermos-renales-del-estado-de-guerrero","tag-covid19","tag-hospital-privado-santa-lucia-acapulco","tag-imss-guerrero","tag-josefina-estrada-martinez","tag-miriam-fajardo-de-los-santos","tag-nstituto-mexicano-del-seguro-social-imss","tag-zoe-robledo-aburto"],"_links":{"self":[{"href":"https:\/\/www.acapulcopress.com\/index.php\/wp-json\/wp\/v2\/posts\/1223487","targetHints":{"allow":["GET"]}}],"collection":[{"href":"https:\/\/www.acapulcopress.com\/index.php\/wp-json\/wp\/v2\/posts"}],"about":[{"href":"https:\/\/www.acapulcopress.com\/index.php\/wp-json\/wp\/v2\/types\/post"}],"author":[{"embeddable":true,"href":"https:\/\/www.acapulcopress.com\/index.php\/wp-json\/wp\/v2\/users\/2"}],"replies":[{"embeddable":true,"href":"https:\/\/www.acapulcopress.com\/index.php\/wp-json\/wp\/v2\/comments?post=1223487"}],"version-history":[{"count":0,"href":"https:\/\/www.acapulcopress.com\/index.php\/wp-json\/wp\/v2\/posts\/1223487\/revisions"}],"wp:featuredmedia":[{"embeddable":true,"href":"https:\/\/www.acapulcopress.com\/index.php\/wp-json\/"}],"wp:attachment":[{"href":"https:\/\/www.acapulcopress.com\/index.php\/wp-json\/wp\/v2\/media?parent=1223487"}],"wp:term":[{"taxonomy":"category","embeddable":true,"href":"https:\/\/www.acapulcopress.com\/index.php\/wp-json\/wp\/v2\/categories?post=1223487"},{"taxonomy":"post_tag","embeddable":true,"href":"https:\/\/www.acapulcopress.com\/index.php\/wp-json\/wp\/v2\/tags?post=1223487"}],"curies":[{"name":"wp","href":"https:\/\/api.w.org\/{rel}","templated":true}]}}