{"id":1223496,"date":"2021-03-26T10:34:26","date_gmt":"2021-03-26T16:34:26","guid":{"rendered":"https:\/\/www.acapulcopress.com\/?p=1223496"},"modified":"2021-03-26T10:34:26","modified_gmt":"2021-03-26T16:34:26","slug":"despliega-fiscalia-operativos-en-carreteras-y-avenidas-de-las-siete-regiones-de-guerrero","status":"publish","type":"post","link":"https:\/\/www.acapulcopress.com\/index.php\/2021\/03\/26\/despliega-fiscalia-operativos-en-carreteras-y-avenidas-de-las-siete-regiones-de-guerrero\/","title":{"rendered":"Despliega Fiscal\u00eda operativos en carreteras y avenidas de las siete regiones de Guerrero"},"content":{"rendered":"<p>CHILPANCINGO. * 26 de marzo de 2021.<br \/>\n<em>] <a href=\"https:\/\/fiscaliaguerrero.gob.mx\" target=\"_blank\" rel=\"noopener\">https:\/\/fiscaliaguerrero.gob.mx<\/a>.<\/em><\/p>\n<p style=\"text-align: justify;\">Al inicio de la temporada vacacional de Semana Santa, el Fiscal General del Estado, Jorge Zuriel de los Santos Barrila, instruy\u00f3 el despliegue de operativos de manera permanente en carreteras y avenidas principales de las siete regiones del estado, esto en coordinaci\u00f3n con la Secretar\u00eda de Seguridad P\u00fablica Estatal con el prop\u00f3sito de coadyuvar en las acciones preventivas de seguridad y atenci\u00f3n a los visitantes que llegan al estado de Guerrero.<\/p>\n","protected":false},"excerpt":{"rendered":"<p>CHILPANCINGO. * 26 de marzo de 2021. ] https:\/\/fiscaliaguerrero.gob.mx. Al inicio de la temporada vacacional de Semana Santa, el Fiscal General del Estado, Jorge Zuriel de los Santos Barrila, instruy\u00f3 el despliegue de operativos de manera permanente en carreteras y avenidas principales de las siete regiones del estado, esto en coordinaci\u00f3n con la Secretar\u00eda de&#8230;<\/p>\n","protected":false},"author":2,"featured_media":1223497,"comment_status":"closed","ping_status":"closed","sticky":false,"template":"","format":"standard","meta":{"footnotes":""},"categories":[18561,2005],"tags":[],"class_list":["post-1223496","post","type-post","status-publish","format-standard","has-post-thumbnail","hentry","category-society-politics","category-seguridad-y-justicia"],"_links":{"self":[{"href":"https:\/\/www.acapulcopress.com\/index.php\/wp-json\/wp\/v2\/posts\/1223496","targetHints":{"allow":["GET"]}}],"collection":[{"href":"https:\/\/www.acapulcopress.com\/index.php\/wp-json\/wp\/v2\/posts"}],"about":[{"href":"https:\/\/www.acapulcopress.com\/index.php\/wp-json\/wp\/v2\/types\/post"}],"author":[{"embeddable":true,"href":"https:\/\/www.acapulcopress.com\/index.php\/wp-json\/wp\/v2\/users\/2"}],"replies":[{"embeddable":true,"href":"https:\/\/www.acapulcopress.com\/index.php\/wp-json\/wp\/v2\/comments?post=1223496"}],"version-history":[{"count":0,"href":"https:\/\/www.acapulcopress.com\/index.php\/wp-json\/wp\/v2\/posts\/1223496\/revisions"}],"wp:featuredmedia":[{"embeddable":true,"href":"https:\/\/www.acapulcopress.com\/index.php\/wp-json\/"}],"wp:attachment":[{"href":"https:\/\/www.acapulcopress.com\/index.php\/wp-json\/wp\/v2\/media?parent=1223496"}],"wp:term":[{"taxonomy":"category","embeddable":true,"href":"https:\/\/www.acapulcopress.com\/index.php\/wp-json\/wp\/v2\/categories?post=1223496"},{"taxonomy":"post_tag","embeddable":true,"href":"https:\/\/www.acapulcopress.com\/index.php\/wp-json\/wp\/v2\/tags?post=1223496"}],"curies":[{"name":"wp","href":"https:\/\/api.w.org\/{rel}","templated":true}]}}