{"id":1223502,"date":"2021-03-26T11:26:40","date_gmt":"2021-03-26T17:26:40","guid":{"rendered":"https:\/\/www.acapulcopress.com\/?p=1223502"},"modified":"2021-03-26T11:26:40","modified_gmt":"2021-03-26T17:26:40","slug":"dan-4-anos-de-carcel-a-fotografo-abusador-de-una-menor-en-ometepec","status":"publish","type":"post","link":"https:\/\/www.acapulcopress.com\/index.php\/2021\/03\/26\/dan-4-anos-de-carcel-a-fotografo-abusador-de-una-menor-en-ometepec\/","title":{"rendered":"Dan 4 a\u00f1os de c\u00e1rcel a fot\u00f3grafo abusador de una menor en Ometepec"},"content":{"rendered":"<p style=\"text-align: justify;\">CHILPANCINGO. * 26 de marzo de 2021.<br \/>\n<em>] <a href=\"https:\/\/fiscaliaguerrero.gob.mx\" target=\"_blank\" rel=\"noopener\">https:\/\/fiscaliaguerrero.gob.mx<\/a>.<\/em><\/p>\n<p style=\"text-align: justify;\">Mediante procedimiento abreviado, el Ministerio P\u00fablico adscrito en Ometepec logr\u00f3 la sentencia condenatoria de 4 a\u00f1os de prisi\u00f3n y el pago por reparaci\u00f3n del da\u00f1o en favor de la menor v\u00edctima, en contra de<a href=\"https:\/\/www.elfarodelacostachica.com.mx\/2020\/03\/abusa-conocido-fotografo-de-ometepec-de-una-menor-de-edad\/\" target=\"_blank\" rel=\"noopener\"> Juan \u00abN\u00bb,<\/a> como responsable de Abuso Sexual al interior del negocio con raz\u00f3n social \u00abFotograf\u00eda Escalante\u00bb.<\/p>\n<p style=\"text-align: justify;\">Los hechos en la carpeta judicial C-22\/2020, se\u00f1alan que la menor se encontraba en la ciudad de Ometepec a la espera del transporte p\u00fablico que la llevar\u00eda a su domicilio, en ese momento el sentenciado la llam\u00f3 para que pasara por sus fotograf\u00edas de un evento escolar. La menor accedi\u00f3 y ya en el establecimiento para hacerle la entrega de las im\u00e1genes, Juan \u00abN\u00bb hizo le hizo tocamientos inapropiados.<\/p>\n<p style=\"text-align: justify;\">Por lo anterior y mediante procedimiento abreviado, el Ministerio P\u00fablico aport\u00f3 los datos de prueba que acreditaron su responsabilidad en el delito de Abuso Sexual, el Juez de Control y Enjuiciamiento Penal dict\u00f3 la sentencia de 4 a\u00f1os de prisi\u00f3n y pagar\u00e1 una cantidad de dinero por concepto de reparaci\u00f3n del da\u00f1o moral a la v\u00edctima y una multa equivalente a 450 d\u00edas de salario m\u00ednimo.<\/p>\n<p style=\"text-align: justify;\">VINCULAN A PROCESO A VIOLADOR DE HUITZUCO<\/p>\n<p style=\"text-align: justify;\"><img loading=\"lazy\" decoding=\"async\" class=\"alignleft size-medium wp-image-1223504\" src=\"https:\/\/www.acapulco.press\/wp-content\/uploads\/2021\/03\/FGE-LEOBARDO-VIOLADOR-375x375.jpg\" alt=\"\" width=\"375\" height=\"375\" \/>El Ministerio P\u00fablico adscrito a zona Norte, obtuvo vinculaci\u00f3n a proceso en contra de Leobardo \u00abN\u00bb, como probable responsable del delito de Violaci\u00f3n Equiparada, en Huitzuco de los Figueroa.<\/p>\n<p style=\"text-align: justify;\">El imputado es acusado de cometer el delito el d\u00eda 23 de febrero de 2021, al encontrarse en el Z\u00f3calo del poblado de Tlaxmalac, Huitzuco de los Figueroa, quien es adulto mayor y llam\u00f3 a la v\u00edctima y ella acudi\u00f3 cometiendo el delito en ese lugar.<\/p>\n<p style=\"text-align: justify;\">Se celebr\u00f3 la audiencia inicial y el Juez de Control resolvi\u00f3 vinculaci\u00f3n a proceso en contra de Leobardo \u00abN\u00bb, se otorg\u00f3 un plazo de investigaci\u00f3n complementaria de tres meses y se dict\u00f3 la medida cautelar de prisi\u00f3n preventiva, quedando interno en el Centro de Reinserci\u00f3n Social.<\/p>\n<p style=\"text-align: justify;\">La Fiscal\u00eda General del Estado continuar\u00e1 investigando los delitos del fuero com\u00fan y con especial seguimiento los cometidos en temas de igualdad de g\u00e9nero y menores de edad en el estado de Guerrero.<\/p>\n<p>APREHENDEN A LADR\u00d3N DE UATOS DE ZIHUATANEJO<\/p>\n<p>Fiscal\u00eda de Guerrero a trav\u00e9s de la Polic\u00eda Investigadora Ministerial adscrito a Zihuatanejo de Azueta, dio cumplimiento a la orden de aprehensi\u00f3n en contra de quien dijo llamarse Lorenzo \u00abN\u00bb, detenido en la colonia Aeropuerto como probable responsable del delito de Robo Equiparado de veh\u00edculo tipo Tsuru, que al revisarlo no contaba con el n\u00famero de motor de origen, quedando puesto a disposici\u00f3n del Ministerio P\u00fablico correspondiente.<\/p>\n<p><img loading=\"lazy\" decoding=\"async\" class=\"alignleft size-medium wp-image-1223505\" src=\"https:\/\/www.acapulco.press\/wp-content\/uploads\/2021\/03\/FGE-LORENZO-LADRON-375x375.jpg\" alt=\"\" width=\"375\" height=\"375\" \/><\/p>\n","protected":false},"excerpt":{"rendered":"<p>CHILPANCINGO. * 26 de marzo de 2021. ] https:\/\/fiscaliaguerrero.gob.mx. Mediante procedimiento abreviado, el Ministerio P\u00fablico adscrito en Ometepec logr\u00f3 la sentencia condenatoria de 4 a\u00f1os de prisi\u00f3n y el pago por reparaci\u00f3n del da\u00f1o en favor de la menor v\u00edctima, en contra de Juan \u00abN\u00bb, como responsable de Abuso Sexual al interior del negocio con&#8230;<\/p>\n","protected":false},"author":2,"featured_media":1223503,"comment_status":"closed","ping_status":"closed","sticky":false,"template":"","format":"standard","meta":{"footnotes":""},"categories":[2019],"tags":[8682,10946,14737],"class_list":["post-1223502","post","type-post","status-publish","format-standard","has-post-thumbnail","hentry","category-popular-news","tag-fiscalia-general-de-guerrero-fge","tag-jorge-zuriel-de-los-santos-barrila","tag-policia-ministerial-de-guerrero"],"_links":{"self":[{"href":"https:\/\/www.acapulcopress.com\/index.php\/wp-json\/wp\/v2\/posts\/1223502","targetHints":{"allow":["GET"]}}],"collection":[{"href":"https:\/\/www.acapulcopress.com\/index.php\/wp-json\/wp\/v2\/posts"}],"about":[{"href":"https:\/\/www.acapulcopress.com\/index.php\/wp-json\/wp\/v2\/types\/post"}],"author":[{"embeddable":true,"href":"https:\/\/www.acapulcopress.com\/index.php\/wp-json\/wp\/v2\/users\/2"}],"replies":[{"embeddable":true,"href":"https:\/\/www.acapulcopress.com\/index.php\/wp-json\/wp\/v2\/comments?post=1223502"}],"version-history":[{"count":0,"href":"https:\/\/www.acapulcopress.com\/index.php\/wp-json\/wp\/v2\/posts\/1223502\/revisions"}],"wp:featuredmedia":[{"embeddable":true,"href":"https:\/\/www.acapulcopress.com\/index.php\/wp-json\/"}],"wp:attachment":[{"href":"https:\/\/www.acapulcopress.com\/index.php\/wp-json\/wp\/v2\/media?parent=1223502"}],"wp:term":[{"taxonomy":"category","embeddable":true,"href":"https:\/\/www.acapulcopress.com\/index.php\/wp-json\/wp\/v2\/categories?post=1223502"},{"taxonomy":"post_tag","embeddable":true,"href":"https:\/\/www.acapulcopress.com\/index.php\/wp-json\/wp\/v2\/tags?post=1223502"}],"curies":[{"name":"wp","href":"https:\/\/api.w.org\/{rel}","templated":true}]}}