{"id":1223512,"date":"2021-03-26T23:03:01","date_gmt":"2021-03-27T05:03:01","guid":{"rendered":"https:\/\/www.acapulcopress.com\/?p=1223512"},"modified":"2021-03-26T23:03:01","modified_gmt":"2021-03-27T05:03:01","slug":"anuncia-felix-boicot-pacifico-a-elecciones","status":"publish","type":"post","link":"https:\/\/www.acapulcopress.com\/index.php\/2021\/03\/26\/anuncia-felix-boicot-pacifico-a-elecciones\/","title":{"rendered":"Anuncia F\u00e9lix &#8216;boicot&#8217; pac\u00edfico a elecciones"},"content":{"rendered":"<p style=\"text-align: justify;\">COYUCA DE BEN\u00cdTEZ. * 26 de marzo de 2021.<br \/>\n<em>] Comunicado.<\/em><\/p>\n<p style=\"text-align: justify;\">F\u00e9lix Salgado Macedonio advirti\u00f3 que el pueblo no permitir\u00e1 que haya elecciones en Guerrero el pr\u00f3ximo 06 de junio, si no le restituyen la candidatura a gobernador por Morena.<\/p>\n<p style=\"text-align: justify;\">La tarde de este viernes, Salgado concluy\u00f3 su gira por la regi\u00f3n Costa Grande en el municipio de Coyuca de Ben\u00edtez.<\/p>\n<p style=\"text-align: justify;\">Ah\u00ed fue cobijado por cientos de militantes y simpatizantes de Morena y de su proyecto pol\u00edtico, quienes manifestaron su disposici\u00f3n para movilizarse ante la determinaci\u00f3n del INE de<a href=\"https:\/\/www.acapulco.press\/noticias-destacadas\/ine-ratifica-nohaytoro-felix-queda-fuera\/\" target=\"_blank\" rel=\"noopener\"> cancelar su candidatura<\/a>.<\/p>\n<p style=\"text-align: justify;\">\u201c\u00a1No est\u00e1s solo!\u201d y \u201c\u00a1Vamos a ganar!\u201d, fueron algunas de las consignas que corearon los ciudadanos que se desbordaron en apoyo a Salgado Macedonio.<\/p>\n<p style=\"text-align: justify;\">El abanderado de Morena inform\u00f3 que, hasta la tarde de este viernes, el INE a\u00fan no le notificaba la cancelaci\u00f3n de su candidatura.<\/p>\n<p style=\"text-align: justify;\">Sin embargo, adelant\u00f3 que suspender\u00e1 su gira proselitista en acato a la resoluci\u00f3n del INE y defender\u00e1 su candidatura ante los tribunales.<\/p>\n<p style=\"text-align: justify;\">\u201cYo suspendo las apariciones p\u00fablicas de acuerdo con la ley, pero ustedes, ahora ustedes son F\u00e9lix, ahora ustedes son toros\u201d, le dijo a sus seguidores, quienes realizar\u00e1n actos de protesta pac\u00edfica para exigir que se respete la voluntad del pueblo de Guerrero.<\/p>\n<p style=\"text-align: justify;\">Salgado confirm\u00f3 que este viernes se movilizaron cientos de personas en las siete regiones del estado, para protestar en contra de la resoluci\u00f3n del INE.<\/p>\n<p style=\"text-align: justify;\">\u201cSalieron a decirle al INE que se equivoc\u00f3 en Guerrero, aqu\u00ed se pic\u00f3 el ojo porque no nos conocen, Guerrero tiene historia y nom\u00e1s que nos diga el INE si quiere elecciones el 06 de junio o no quiere elecciones, que nos diga, que nos diga, nom\u00e1s que nos diga si quieren o no quieren elecciones\u201d, advirti\u00f3 el morenista.<\/p>\n<p style=\"text-align: justify;\">Subray\u00f3 que el INE \u201ces un \u00f3rgano electoral bastante cuestionado, que no ha sido decente y no ha sido imparcial, que no puede decidir por todo un pueblo\u201d.<\/p>\n<p style=\"text-align: justify;\">\u201cYo soy candidato porque el pueblo de Guerrero as\u00ed lo decidi\u00f3, ustedes me eligieron; a m\u00ed no me impusieron, no vengo del dedazo, estoy aqu\u00ed porque el pueblo me puso\u201d, sentenci\u00f3 F\u00e9lix Salgado.<\/p>\n<p style=\"text-align: justify;\">Por ello, indic\u00f3 que mientras el pueblo se moviliza, \u00e9l y su equipo de abogados se aplicar\u00e1n en la impugnaci\u00f3n, la cual deben presentar en un plazo no mayor a cuatro d\u00edas.<\/p>\n<p style=\"text-align: justify;\">Entre los argumentos que presentar\u00e1n, detall\u00f3 que nunca fue designado precandidato por Morena, ya que el encargo que le asignaron fue de coordinador estatal de los Comit\u00e9s de Defensa de la Cuarta Transformaci\u00f3n, para realizar una labor partidista.<\/p>\n<p style=\"text-align: justify;\">\u201cMorena nunca me eligi\u00f3 precandidato y si el INE tiene un documento donde Morena oficialmente me haya elegido precandidato, entonces me retiro, pero el INE no tiene ning\u00fan documento\u201d, sentenci\u00f3 Salgado.<\/p>\n<p style=\"text-align: justify;\">Respecto a la acusaci\u00f3n de que no present\u00f3 informe de gastos de precampa\u00f1a, aclar\u00f3 que no hizo precampa\u00f1a porque nunca fue precandidato, por ese motivo, el INE nunca le otorg\u00f3 una clave de acceso para ingresar la informaci\u00f3n al sistema de fiscalizaci\u00f3n.<\/p>\n<p style=\"text-align: justify;\">Esa clave se la asignaron apenas el 04 de marzo, para el inicio oficial de la campa\u00f1a pol\u00edtica y desde entonces, dijo que ha reportado puntualmente todos sus gastos.<\/p>\n<p style=\"text-align: justify;\">\u201cEl INE se pas\u00f3 de vivo, se pas\u00f3 de tueste y cree que nos va a agarran mansitos, eso es lo que cree el INE\u201d, apunt\u00f3.<\/p>\n<p style=\"text-align: justify;\">En caso de que el Tribunal Electoral del Poder Judicial de la Federaci\u00f3n (TEPJF) ratifique la resoluci\u00f3n del INE y no le restituya la candidatura a gobernador, Salgado Macedonio indic\u00f3 que recurrir\u00e1 a la Suprema Corte de Justicia de la Naci\u00f3n (SCJN).<\/p>\n<p style=\"text-align: justify;\">Si en esa instancia tampoco le restituyen la candidatura, alert\u00f3 que Morena se quedar\u00eda sin candidato al gobierno de Guerrero y no habr\u00eda condiciones para el desarrollo de las elecciones del 06 de junio.<\/p>\n<p style=\"text-align: justify;\">\u201cSe los decimos de una vez, no va a haber elecciones en Guerrero y en el Congreso van a mandar a un gobernador interino y ese gobernador interino va a convocar a una nueva elecci\u00f3n en un t\u00e9rmino de seis meses y de todos modos voy a ser el gobernador de Guerrero, \u00bfpara qu\u00e9 le dan vueltas? Yo no voy para atr\u00e1s, todo para adelante\u201d, advirti\u00f3.<\/p>\n","protected":false},"excerpt":{"rendered":"<p>COYUCA DE BEN\u00cdTEZ. * 26 de marzo de 2021. ] Comunicado. F\u00e9lix Salgado Macedonio advirti\u00f3 que el pueblo no permitir\u00e1 que haya elecciones en Guerrero el pr\u00f3ximo 06 de junio, si no le restituyen la candidatura a gobernador por Morena. La tarde de este viernes, Salgado concluy\u00f3 su gira por la regi\u00f3n Costa Grande en&#8230;<\/p>\n","protected":false},"author":2,"featured_media":1223513,"comment_status":"closed","ping_status":"closed","sticky":false,"template":"","format":"standard","meta":{"footnotes":""},"categories":[2053,1972,1997],"tags":[6809,7799,8467,10133,13297,16935,17391],"class_list":["post-1223512","post","type-post","status-publish","format-standard","has-post-thumbnail","hentry","category-elecciones-special","category-special","category-noticias-destacadas","tag-cuarta-transformacion","tag-eleccion-guerrero-2021","tag-felix-salgado-macedonio","tag-ine","tag-morena","tag-suprema-corte-de-justicia-de-la-nacion-scjn","tag-tribunal-electoral-del-poder-judicial-de-la-federacion-tepjf"],"_links":{"self":[{"href":"https:\/\/www.acapulcopress.com\/index.php\/wp-json\/wp\/v2\/posts\/1223512","targetHints":{"allow":["GET"]}}],"collection":[{"href":"https:\/\/www.acapulcopress.com\/index.php\/wp-json\/wp\/v2\/posts"}],"about":[{"href":"https:\/\/www.acapulcopress.com\/index.php\/wp-json\/wp\/v2\/types\/post"}],"author":[{"embeddable":true,"href":"https:\/\/www.acapulcopress.com\/index.php\/wp-json\/wp\/v2\/users\/2"}],"replies":[{"embeddable":true,"href":"https:\/\/www.acapulcopress.com\/index.php\/wp-json\/wp\/v2\/comments?post=1223512"}],"version-history":[{"count":0,"href":"https:\/\/www.acapulcopress.com\/index.php\/wp-json\/wp\/v2\/posts\/1223512\/revisions"}],"wp:featuredmedia":[{"embeddable":true,"href":"https:\/\/www.acapulcopress.com\/index.php\/wp-json\/"}],"wp:attachment":[{"href":"https:\/\/www.acapulcopress.com\/index.php\/wp-json\/wp\/v2\/media?parent=1223512"}],"wp:term":[{"taxonomy":"category","embeddable":true,"href":"https:\/\/www.acapulcopress.com\/index.php\/wp-json\/wp\/v2\/categories?post=1223512"},{"taxonomy":"post_tag","embeddable":true,"href":"https:\/\/www.acapulcopress.com\/index.php\/wp-json\/wp\/v2\/tags?post=1223512"}],"curies":[{"name":"wp","href":"https:\/\/api.w.org\/{rel}","templated":true}]}}