{"id":1223518,"date":"2021-03-26T23:36:10","date_gmt":"2021-03-27T05:36:10","guid":{"rendered":"https:\/\/www.acapulcopress.com\/?p=1223518"},"modified":"2021-03-26T23:36:10","modified_gmt":"2021-03-27T05:36:10","slug":"angel-irra-peligroso-discurso","status":"publish","type":"post","link":"https:\/\/www.acapulcopress.com\/index.php\/2021\/03\/26\/angel-irra-peligroso-discurso\/","title":{"rendered":"\u00c1ngel Irra | Peligroso discurso\u2026"},"content":{"rendered":"<p style=\"text-align: justify;\">Un Rapid\u00edn<br \/>\n<strong>] Con \u00c1ngel Irra Carceda<\/strong><br \/>\n<em>\u00a0\u00bb angelirracar@hotmail.com.<\/em><\/p>\n<p style=\"text-align: justify;\">No habr\u00e1 elecciones el 6 de junio, si no me restituyen la candidatura, lanz\u00f3 este viernes el siempre pol\u00e9mico F\u00e9lix Salgado Macedonio.<\/p>\n<p style=\"text-align: justify;\">Lo hizo este viernes en Coyuca de Ben\u00edtez, en donde ante sus seguidores sostuvo que el INE se equivoc\u00f3 en Guerrero y \u201cse pic\u00f3 el ojo\u201d porque \u201cno nos conocen\u201d.<\/p>\n<p style=\"text-align: justify;\">\u201cSe los decimos de una vez: no va a haber elecciones en Guerrero y en el Congreso van a mandar a un gobernador interino, y ese gobernador interino va a convocar a una nueva elecci\u00f3n en un t\u00e9rmino de seis meses, y de todos modos voy a ser el gobernador de Guerrero, \u00bfPara qu\u00e9 le dan vueltas? Yo no voy para atr\u00e1s, todo para adelante\u201d, reforz\u00f3 su arenga.<\/p>\n<p style=\"text-align: justify;\">que nos diga el INE si quiere elecciones el 06 de junio o no quiere elecciones, que nos diga, que nos diga, nom\u00e1s que nos diga si quieren o no quieren elecciones\u201d.<\/p>\n<p style=\"text-align: justify;\">Ya abiertamente solt\u00f3 el reto: \u201c\u2026que nos diga el INE si quiere elecciones el 06 de junio o no quiere elecciones; que nos diga, que nos diga, nom\u00e1s que nos diga si quieren o no quieren elecciones\u201d.<\/p>\n","protected":false},"excerpt":{"rendered":"<p>Un Rapid\u00edn ] Con \u00c1ngel Irra Carceda \u00a0\u00bb angelirracar@hotmail.com. No habr\u00e1 elecciones el 6 de junio, si no me restituyen la candidatura, lanz\u00f3 este viernes el siempre pol\u00e9mico F\u00e9lix Salgado Macedonio. Lo hizo este viernes en Coyuca de Ben\u00edtez, en donde ante sus seguidores sostuvo que el INE se equivoc\u00f3 en Guerrero y \u201cse pic\u00f3&#8230;<\/p>\n","protected":false},"author":2,"featured_media":1223519,"comment_status":"closed","ping_status":"closed","sticky":false,"template":"","format":"standard","meta":{"footnotes":""},"categories":[2071,1991],"tags":[3938,8467,10133,17511],"class_list":["post-1223518","post","type-post","status-publish","format-standard","has-post-thumbnail","hentry","category-opinion-analisis-columnas","category-libertad-de-expresion","tag-angel-irra-carceda","tag-felix-salgado-macedonio","tag-ine","tag-un-rapidin"],"_links":{"self":[{"href":"https:\/\/www.acapulcopress.com\/index.php\/wp-json\/wp\/v2\/posts\/1223518","targetHints":{"allow":["GET"]}}],"collection":[{"href":"https:\/\/www.acapulcopress.com\/index.php\/wp-json\/wp\/v2\/posts"}],"about":[{"href":"https:\/\/www.acapulcopress.com\/index.php\/wp-json\/wp\/v2\/types\/post"}],"author":[{"embeddable":true,"href":"https:\/\/www.acapulcopress.com\/index.php\/wp-json\/wp\/v2\/users\/2"}],"replies":[{"embeddable":true,"href":"https:\/\/www.acapulcopress.com\/index.php\/wp-json\/wp\/v2\/comments?post=1223518"}],"version-history":[{"count":0,"href":"https:\/\/www.acapulcopress.com\/index.php\/wp-json\/wp\/v2\/posts\/1223518\/revisions"}],"wp:featuredmedia":[{"embeddable":true,"href":"https:\/\/www.acapulcopress.com\/index.php\/wp-json\/"}],"wp:attachment":[{"href":"https:\/\/www.acapulcopress.com\/index.php\/wp-json\/wp\/v2\/media?parent=1223518"}],"wp:term":[{"taxonomy":"category","embeddable":true,"href":"https:\/\/www.acapulcopress.com\/index.php\/wp-json\/wp\/v2\/categories?post=1223518"},{"taxonomy":"post_tag","embeddable":true,"href":"https:\/\/www.acapulcopress.com\/index.php\/wp-json\/wp\/v2\/tags?post=1223518"}],"curies":[{"name":"wp","href":"https:\/\/api.w.org\/{rel}","templated":true}]}}