{"id":1223525,"date":"2021-03-27T00:24:06","date_gmt":"2021-03-27T06:24:06","guid":{"rendered":"https:\/\/www.acapulcopress.com\/?p=1223525"},"modified":"2021-03-27T00:24:06","modified_gmt":"2021-03-27T06:24:06","slug":"por-pandemia-aseguradora-exige-mas-dinero-para-renovar-compromiso-con-el-fap","status":"publish","type":"post","link":"https:\/\/www.acapulcopress.com\/index.php\/2021\/03\/27\/por-pandemia-aseguradora-exige-mas-dinero-para-renovar-compromiso-con-el-fap\/","title":{"rendered":"Por pandemia, aseguradora exige m\u00e1s dinero para renovar compromiso con el FAP"},"content":{"rendered":"<p style=\"text-align: justify;\">\u00bb <strong>Redacci\u00f3n<\/strong>. <em>|<br \/>\n<\/em>CHILPANCINGO. * 26 de marzo de 2021.<br \/>\n<em>] Acapulco Press. | <\/em>Im\u00e1genes: <strong>Servando Mart\u00ednez<\/strong>.<em><br \/>\n<\/em><br \/>\nPor la pandemia de la Covid19, la aseguradora <a href=\"https:\/\/www.segurosargos.com\/\" target=\"_blank\" rel=\"noopener\"><em>Argos<\/em><\/a> condicion\u00f3 su continuidad de compromiso con los periodistas asegurados por el Fondo de Apoyo a Periodistas de Guerrero (FAP) a una suma mayor de dinero de parte del Gobierno del Estado este a\u00f1o, se revel\u00f3 en sesi\u00f3n ordinaria del Comit\u00e9 T\u00e9cnico y el titular de la Secretar\u00eda de Desarrollo Social estatal (Sedesol), Arturo Salgado Uri\u00f3stegui, dependencia que administra el FAP.<\/p>\n<p style=\"text-align: justify;\">Con informaci\u00f3n de Servando Mart\u00ednez Pinz\u00f3n, representante de la Delegaci\u00f3n 25 de Sindicato Nacional de Redactores de la Prensa (SNRP), con sede en Acapulco, se constat\u00f3 que de no renovarse el contrato con Argos todos los periodistas asegurador por el FAP corren el peligro de perder sus p\u00f3lizas de seguro este a\u00f1o.<\/p>\n<p style=\"text-align: justify;\">Salgado Uri\u00f3stegui inform\u00f3 que el a\u00f1o pasado 14 periodistas perdieron la vida, y aunque no se hab\u00edan renovados las p\u00f3lizas del 2020 se cubri\u00f3 a su familiares el pago correspondiente. No obstante, este a\u00f1o la aseguradora ha optado por \u00abno renovar contrato\u00bb a menos que se le pague \u00abuna suma mayor\u00bb a la de a\u00f1os anteriores; suma que, desafortunadamente \u00abcon la que no cuenta, ni alcanza el presupuesto designado para el FAP\u00bb para cumplir esa condici\u00f3n de Argos para renovar el contrato 2021.<em><br \/>\n<\/em><\/p>\n<p style=\"text-align: justify;\">Ante representantes de las 12 organizaciones de periodistas que conforman el Comit\u00e9 T\u00e9cnico del Fondo de Apoyo a Periodistas\u00a0 de Guerrero, Arturo Salgado expuso la urgencia de hallar soluciones a este problema de las p\u00f3lizas de seguros de vida de los agremiados del FAP, y se comprometi\u00f3 a buscar salida al tema ajust\u00e1ndose a lo que marca la <em>Ley 463 del Bienestar Integral de lo Periodistas del Estado de Guerrero<\/em>.<\/p>\n<p style=\"text-align: justify;\">Respecto a las solicitudes de nuevo ingreso, el Comit\u00e9 T\u00e9cnico aprob\u00f3 que quienes cumplieron con los tiempos que marc\u00f3 la convocatoriam incluida la totalidad de la documentaci\u00f3n requerida, \u00abser\u00e1n incluidos en el pr\u00f3ximo proceso de afiliaci\u00f3n al FAP\u00bb. Cada representante informar\u00e1 a sus compa\u00f1eros que no han pagado su ingreso\u00a0 para que de manera pronta lo hagan y no se vean afectados sus derechos, suscribieron los participantes de la sesi\u00f3n ordinaria celebrada en la sede de la Sedesol Guerrero.<\/p>\n<p style=\"text-align: justify;\">Actualmente, \u00abel FAP cuenta con un presupuesto de 5.5 millones de pesos, pero el 80% se destina al pago del Seguro de Vida de los agremiados;\u00a0 el porcentaje restante es para remunerar gastos m\u00e9dicos de los afiliados y capacitaci\u00f3n\u00bb, subray\u00f3 Salgado Uri\u00f3stegui.<\/p>\n<p style=\"text-align: justify;\">Durante el evento, se tom\u00f3 protesta a Jorge Sotelo como responsable de la Secretar\u00eda T\u00e9cnica, as\u00ed como a los nuevos <img loading=\"lazy\" decoding=\"async\" class=\"alignleft size-medium wp-image-1223531\" src=\"https:\/\/www.acapulco.press\/wp-content\/uploads\/2021\/03\/reunion-fap-2-375x281.jpeg\" alt=\"\" width=\"375\" height=\"281\" \/>comisionados de las diversas \u00e1reas del FAP.<\/p>\n<p style=\"text-align: justify;\">A propuesta de Ricardo Gonz\u00e1lez Rodr\u00edguez, coordinador de las organizaciones de prensa representadas en el FAP,\u00a0 se tom\u00f3 protesta a Andr\u00e9s Arias Jurado y Salom\u00f3n Cruz Gallardo como responsables de la revisi\u00f3n de las propuestas de las aseguradoras\u00a0 para que sean plantearlas al Comit\u00e9 T\u00e9cnico para su deliberaci\u00f3n.<\/p>\n<p style=\"text-align: justify;\">Isaac Castillo Pineda qued\u00f3 al frente de la Comisi\u00f3n de Salud y Bienestar, junto con Honorio Lanche ; la empleada municipal de Acapulco, Juanita Lobato Castro, ser\u00e1 la comisionada a la Atenci\u00f3n a la Mujer; Pedro Radilla se har\u00e1 cargo de la Admisi\u00f3n, Revisi\u00f3n y Control y Vigilancia del FAP; Servando Mart\u00ednez Pinz\u00f3n, del Control y Finanzas del mismo; Bert\u00edn Chino, de la Difusi\u00f3n y Relaciones P\u00fablicas; Guillermo Mej\u00eda, de los Grupos Vulnerables y Cesent\u00eda; Alfonso Negr\u00f3n supervisar\u00e1 la Comisi\u00f3n de Profesionalizaci\u00f3n y Alejandro Aparicio Tetoto, la Comisi\u00f3n de Relaciones Interinstitucionales.<br \/>\nwww.acapulco.press<\/p>\n","protected":false},"excerpt":{"rendered":"<p>\u00bb Redacci\u00f3n. | CHILPANCINGO. * 26 de marzo de 2021. ] Acapulco Press. | Im\u00e1genes: Servando Mart\u00ednez. Por la pandemia de la Covid19, la aseguradora Argos condicion\u00f3 su continuidad de compromiso con los periodistas asegurados por el Fondo de Apoyo a Periodistas de Guerrero (FAP) a una suma mayor de dinero de parte del Gobierno&#8230;<\/p>\n","protected":false},"author":2,"featured_media":1223532,"comment_status":"closed","ping_status":"closed","sticky":false,"template":"","format":"standard","meta":{"footnotes":""},"categories":[1972,18582],"tags":[4222,4242,8761,11808,16153],"class_list":["post-1223525","post","type-post","status-publish","format-standard","has-post-thumbnail","hentry","category-special","category-tinta-digital","tag-arturo-salgado-uriostegui","tag-aseguradora-argos","tag-fondo-de-apoyo-a-periodistas-de-guerrero-fap","tag-ley-463-del-bienestar-integral-de-lo-periodistas-del-estado-de-guerrero","tag-secretaria-de-desarrollo-social-sedesol"],"_links":{"self":[{"href":"https:\/\/www.acapulcopress.com\/index.php\/wp-json\/wp\/v2\/posts\/1223525","targetHints":{"allow":["GET"]}}],"collection":[{"href":"https:\/\/www.acapulcopress.com\/index.php\/wp-json\/wp\/v2\/posts"}],"about":[{"href":"https:\/\/www.acapulcopress.com\/index.php\/wp-json\/wp\/v2\/types\/post"}],"author":[{"embeddable":true,"href":"https:\/\/www.acapulcopress.com\/index.php\/wp-json\/wp\/v2\/users\/2"}],"replies":[{"embeddable":true,"href":"https:\/\/www.acapulcopress.com\/index.php\/wp-json\/wp\/v2\/comments?post=1223525"}],"version-history":[{"count":0,"href":"https:\/\/www.acapulcopress.com\/index.php\/wp-json\/wp\/v2\/posts\/1223525\/revisions"}],"wp:featuredmedia":[{"embeddable":true,"href":"https:\/\/www.acapulcopress.com\/index.php\/wp-json\/"}],"wp:attachment":[{"href":"https:\/\/www.acapulcopress.com\/index.php\/wp-json\/wp\/v2\/media?parent=1223525"}],"wp:term":[{"taxonomy":"category","embeddable":true,"href":"https:\/\/www.acapulcopress.com\/index.php\/wp-json\/wp\/v2\/categories?post=1223525"},{"taxonomy":"post_tag","embeddable":true,"href":"https:\/\/www.acapulcopress.com\/index.php\/wp-json\/wp\/v2\/tags?post=1223525"}],"curies":[{"name":"wp","href":"https:\/\/api.w.org\/{rel}","templated":true}]}}