{"id":1223536,"date":"2021-03-27T01:10:07","date_gmt":"2021-03-27T07:10:07","guid":{"rendered":"https:\/\/www.acapulcopress.com\/?p=1223536"},"modified":"2021-03-27T01:10:07","modified_gmt":"2021-03-27T07:10:07","slug":"mario-moreno-modernizara-e-incrementara-seguridad-en-centrales-de-abasto","status":"publish","type":"post","link":"https:\/\/www.acapulcopress.com\/index.php\/2021\/03\/27\/mario-moreno-modernizara-e-incrementara-seguridad-en-centrales-de-abasto\/","title":{"rendered":"Mario Moreno modernizar\u00e1 e incrementar\u00e1 seguridad en centrales de abasto"},"content":{"rendered":"<p style=\"text-align: justify;\">\u00bb Redacci\u00f3n<br \/>\nCHILPANCINGO. * 26 de marzo de 2021.<br \/>\n<em>] Especial.<\/em><\/p>\n<p style=\"text-align: justify;\">Durante su visita al mercado de la colonia Progreso, el candidato a gobernador de Guerrero de la alianza #VaXGuerrero, conformada por el PRI-PRD, Mario Moreno Arcos, se comprometi\u00f3 a generar las condiciones para <img loading=\"lazy\" decoding=\"async\" class=\"alignleft size-medium wp-image-1223540\" src=\"https:\/\/www.acapulco.press\/wp-content\/uploads\/2021\/03\/mma-bastos3-375x281.jpg\" alt=\"\" width=\"375\" height=\"281\" \/>modernizar e incrementar la seguridad de las centrales de abasto.<\/p>\n<p style=\"text-align: justify;\">\u201cVamos a regresar a los mercados como centros de atracci\u00f3n tur\u00edstica, incluso para que los visitantes se tomen la foto en los mercados, as\u00ed, de ese tama\u00f1o lo pongo\u201d, destac\u00f3 el candidato en medio de una ovaci\u00f3n donde fue recibido por decenas de locatarios, quienes le presentaron un pliego de propuestas que les permitan brindar un mejor servicio.<\/p>\n<p style=\"text-align: justify;\">Moreno Arcos, record\u00f3 que siendo ni\u00f1o se la pasaba en el mercado central de Chilpancingo \u201cBaltasar R. Leyva Mancilla\u201d, donde \u201ccanasteaba\u201d -ayudaba a los clientes a <img loading=\"lazy\" decoding=\"async\" class=\"alignleft size-medium wp-image-1223539\" src=\"https:\/\/www.acapulco.press\/wp-content\/uploads\/2021\/03\/mma-bastos-375x250.jpg\" alt=\"\" width=\"375\" height=\"250\" \/>cargar sus compras-, donde \u201cpr\u00e1cticamente ah\u00ed viv\u00eda\u201d.<\/p>\n<p style=\"text-align: justify;\">\u201cTengo muchas an\u00e9cdotas. Yo vengo de abajo y recuerdo cuando me mandaba mi mam\u00e1 al mercado y canasteaba, o a veces me pon\u00edan a pelar cebolla, ah\u00ed viv\u00eda pr\u00e1cticamente, eso me obliga a comprometerme con ustedes\u201d, les dijo.<br \/>\nEn este evento fue recibido por Micaela L\u00f3pez, quien, a nombre de los locatarios, le entreg\u00f3 una lista de propuestas, entre ellas, para reactivar econ\u00f3micamente a los comerciantes afectados por la pandemia por Covid-19.<\/p>\n<p style=\"text-align: justify;\">En otra reuni\u00f3n, Mario Moreno indic\u00f3 que trabajar\u00e1 para mejorar la calidad de vida de los prestadores de servicios, a quienes se comprometi\u00f3 a respaldar mediante apoyos. Tambi\u00e9n reiter\u00f3 su compromiso de sanear la Bah\u00eda de Acapulco.<\/p>\n<p style=\"text-align: justify;\">Durante un encuentro con l\u00edderes sociales de comedores universitarios, que se realiz\u00f3 con la finalidad de atraer el turismo, y de que con una bolsa econ\u00f3mica se apoye a los prestadores de servicios para invertir en sus negocios.<br \/>\n\u201cUstedes nos apoyaron en tiempos dif\u00edciles de pandemia, durante nueve meses sirvieron comida junto con el gobierno de H\u00e9ctor Astudillo, por eso voy a apoyarlos, lo que ustedes hicieron se les retribuir\u00e1 por haber actuado de coraz\u00f3n\u201d, les asegur\u00f3.<\/p>\n<p style=\"text-align: justify;\">A este evento efectuado en playa Caletilla, en el que Moreno Arcos se comprometi\u00f3 tambi\u00e9n a construir un centro especial para atender a animales de la calle, asistieron Carmen Vielma Ch\u00e1vez, Ricarda Robles, Adriana Cruz, Jenny Castillo y Rodomiro Rodr\u00edguez.<\/p>\n","protected":false},"excerpt":{"rendered":"<p>\u00bb Redacci\u00f3n CHILPANCINGO. * 26 de marzo de 2021. ] Especial. Durante su visita al mercado de la colonia Progreso, el candidato a gobernador de Guerrero de la alianza #VaXGuerrero, conformada por el PRI-PRD, Mario Moreno Arcos, se comprometi\u00f3 a generar las condiciones para modernizar e incrementar la seguridad de las centrales de abasto. \u201cVamos&#8230;<\/p>\n","protected":false},"author":2,"featured_media":1223537,"comment_status":"closed","ping_status":"closed","sticky":false,"template":"","format":"standard","meta":{"footnotes":""},"categories":[2052,18561],"tags":[2914,7799,12685,14804,14914],"class_list":["post-1223536","post","type-post","status-publish","format-standard","has-post-thumbnail","hentry","category-elecciones","category-society-politics","tag-vaxguerrero","tag-eleccion-guerrero-2021","tag-mario-moreno-arcos","tag-prd","tag-pri"],"_links":{"self":[{"href":"https:\/\/www.acapulcopress.com\/index.php\/wp-json\/wp\/v2\/posts\/1223536","targetHints":{"allow":["GET"]}}],"collection":[{"href":"https:\/\/www.acapulcopress.com\/index.php\/wp-json\/wp\/v2\/posts"}],"about":[{"href":"https:\/\/www.acapulcopress.com\/index.php\/wp-json\/wp\/v2\/types\/post"}],"author":[{"embeddable":true,"href":"https:\/\/www.acapulcopress.com\/index.php\/wp-json\/wp\/v2\/users\/2"}],"replies":[{"embeddable":true,"href":"https:\/\/www.acapulcopress.com\/index.php\/wp-json\/wp\/v2\/comments?post=1223536"}],"version-history":[{"count":0,"href":"https:\/\/www.acapulcopress.com\/index.php\/wp-json\/wp\/v2\/posts\/1223536\/revisions"}],"wp:featuredmedia":[{"embeddable":true,"href":"https:\/\/www.acapulcopress.com\/index.php\/wp-json\/"}],"wp:attachment":[{"href":"https:\/\/www.acapulcopress.com\/index.php\/wp-json\/wp\/v2\/media?parent=1223536"}],"wp:term":[{"taxonomy":"category","embeddable":true,"href":"https:\/\/www.acapulcopress.com\/index.php\/wp-json\/wp\/v2\/categories?post=1223536"},{"taxonomy":"post_tag","embeddable":true,"href":"https:\/\/www.acapulcopress.com\/index.php\/wp-json\/wp\/v2\/tags?post=1223536"}],"curies":[{"name":"wp","href":"https:\/\/api.w.org\/{rel}","templated":true}]}}