{"id":1223547,"date":"2021-03-26T23:16:22","date_gmt":"2021-03-27T05:16:22","guid":{"rendered":"https:\/\/www.acapulcopress.com\/?p=1223547"},"modified":"2021-03-26T23:16:22","modified_gmt":"2021-03-27T05:16:22","slug":"volcan-de-pacaya-mantiene-niveles-altos-de-actividad-eruptiva-y-fuertes-explosiones","status":"publish","type":"post","link":"https:\/\/www.acapulcopress.com\/index.php\/2021\/03\/26\/volcan-de-pacaya-mantiene-niveles-altos-de-actividad-eruptiva-y-fuertes-explosiones\/","title":{"rendered":"Volc\u00e1n de Pacaya mantiene \u00abniveles altos\u00bb de actividad eruptiva y fuertes explosiones"},"content":{"rendered":"<p style=\"text-align: justify;\">PACAYA, Guatemala. * 26 de marzo de 2021.<br \/>\n<em>] <a href=\"https:\/\/www.24matins.es\/topnews\/america\/volcan-de-pacaya-mantiene-fuerte-actividad-eruptiva-en-guatemala-256235\" target=\"_blank\" rel=\"noopener\">AFP<\/a>.<\/em><\/p>\n<p style=\"text-align: justify;\">El volc\u00e1n de Pacaya, cercano a la capital de Guatemala, mantiene \u00abniveles altos\u00bb de actividad eruptiva con fuertes explosiones, columnas de ceniza y extensos r\u00edos de lava que han da\u00f1os cultivos de caf\u00e9 y aguacate, informaron este viernes fuentes oficiales.<\/p>\n<p style=\"text-align: justify;\">El coloso, de 2.552 metros de altura y situado unos 25 km al sur de Ciudad de Guatemala, expulsa ceniza a m\u00e1s de 500 m del cr\u00e1ter que se dispersa unos 5 km hacia el suroeste del cono, detall\u00f3 el estatal Instituto de Vulcanolog\u00eda (Insivumeh) en un comunicado.<\/p>\n<p style=\"text-align: justify;\">Se reporta ca\u00edda de ceniza en las comunidades de El Rodeo y El Patrocinio (\u2026). La actividad volc\u00e1nica se considera en niveles altos\u201d, detall\u00f3 el ente cient\u00edfico sobre el Pacaya, que mantiene desde hace 50 d\u00edas una intensa actividad eruptiva.<\/p>\n<p style=\"text-align: justify;\">\u201cLa actividad efusiva continua alimentando el flujo de lava en el flanco oeste [del volc\u00e1n] con longitud de 2.200 metros\u201d, a\u00f1adi\u00f3 el Insivumeh.<\/p>\n<p style=\"text-align: justify;\">Por su lado, la Coordinadora Nacional para la Reducci\u00f3n de Desastres (Conred), ente a cargo de la protecci\u00f3n civil, indic\u00f3 que la lava que ha alcanzado la vegetaci\u00f3n ha provocado \u201cincendios y destrucci\u00f3n de plantas de caf\u00e9 y aguacate\u201d, aunque sin cuantificar los da\u00f1os.<\/p>\n<p style=\"text-align: justify;\">Pese a la fuerte actividad, los pobladores de las comunidades asentadas en las faldas del macizo han preferido permanecer en sus viviendas, aunque la Conred pidi\u00f3 realizar evacuaciones preventivas si lo consideran necesario.<\/p>\n<p style=\"text-align: justify;\">Adem\u00e1s, Protecci\u00f3n Civil pidi\u00f3 a las autoridades de los departamentos de Escuintla y Guatemala, que comparten la jurisdicci\u00f3n del volc\u00e1n, mantener la prohibici\u00f3n de acercarse al cr\u00e1ter y los flujos de lava ante el peligro de avalanchas.<\/p>\n<p style=\"text-align: justify;\">El martes pasado, el cambio en la direcci\u00f3n del viento provoc\u00f3 una lluvia de ceniza en varias zonas al norte del volc\u00e1n, entre ellas Ciudad de Guatemala, lo que motiv\u00f3 el cierre por casi 24 horas del aeropuerto La Aurora, el \u00fanico internacional del pa\u00eds.<\/p>\n<p style=\"text-align: justify;\">El Pacaya registr\u00f3 una potente erupci\u00f3n el 27 de mayo de 2010 que caus\u00f3 la muerte de un periodista de televisi\u00f3n mientras cubr\u00eda la noticia. Adem\u00e1s provoc\u00f3 da\u00f1os en cultivos.<\/p>\n<p style=\"text-align: justify;\">Adem\u00e1s del Pacaya, en Guatemala se encuentran activos los volcanes de Fuego (suroeste) y Santiaguito (oeste). El pa\u00eds tiene una treintena de volcanes.<\/p>\n","protected":false},"excerpt":{"rendered":"<p>PACAYA, Guatemala. * 26 de marzo de 2021. ] AFP. El volc\u00e1n de Pacaya, cercano a la capital de Guatemala, mantiene \u00abniveles altos\u00bb de actividad eruptiva con fuertes explosiones, columnas de ceniza y extensos r\u00edos de lava que han da\u00f1os cultivos de caf\u00e9 y aguacate, informaron este viernes fuentes oficiales. El coloso, de 2.552 metros&#8230;<\/p>\n","protected":false},"author":2,"featured_media":1223548,"comment_status":"closed","ping_status":"closed","sticky":false,"template":"","format":"standard","meta":{"footnotes":""},"categories":[2036,18561],"tags":[17985],"class_list":["post-1223547","post","type-post","status-publish","format-standard","has-post-thumbnail","hentry","category-el-clima","category-society-politics","tag-volcan-de-pacaya"],"_links":{"self":[{"href":"https:\/\/www.acapulcopress.com\/index.php\/wp-json\/wp\/v2\/posts\/1223547","targetHints":{"allow":["GET"]}}],"collection":[{"href":"https:\/\/www.acapulcopress.com\/index.php\/wp-json\/wp\/v2\/posts"}],"about":[{"href":"https:\/\/www.acapulcopress.com\/index.php\/wp-json\/wp\/v2\/types\/post"}],"author":[{"embeddable":true,"href":"https:\/\/www.acapulcopress.com\/index.php\/wp-json\/wp\/v2\/users\/2"}],"replies":[{"embeddable":true,"href":"https:\/\/www.acapulcopress.com\/index.php\/wp-json\/wp\/v2\/comments?post=1223547"}],"version-history":[{"count":0,"href":"https:\/\/www.acapulcopress.com\/index.php\/wp-json\/wp\/v2\/posts\/1223547\/revisions"}],"wp:featuredmedia":[{"embeddable":true,"href":"https:\/\/www.acapulcopress.com\/index.php\/wp-json\/"}],"wp:attachment":[{"href":"https:\/\/www.acapulcopress.com\/index.php\/wp-json\/wp\/v2\/media?parent=1223547"}],"wp:term":[{"taxonomy":"category","embeddable":true,"href":"https:\/\/www.acapulcopress.com\/index.php\/wp-json\/wp\/v2\/categories?post=1223547"},{"taxonomy":"post_tag","embeddable":true,"href":"https:\/\/www.acapulcopress.com\/index.php\/wp-json\/wp\/v2\/tags?post=1223547"}],"curies":[{"name":"wp","href":"https:\/\/api.w.org\/{rel}","templated":true}]}}