{"id":1223562,"date":"2021-03-29T19:52:46","date_gmt":"2021-03-30T01:52:46","guid":{"rendered":"https:\/\/www.acapulcopress.com\/?p=1223562"},"modified":"2021-03-29T19:52:46","modified_gmt":"2021-03-30T01:52:46","slug":"captura-fge-un-violador-un-homicida-y-un-golpeador-en-diversas-partes-del-estado","status":"publish","type":"post","link":"https:\/\/www.acapulcopress.com\/index.php\/2021\/03\/29\/captura-fge-un-violador-un-homicida-y-un-golpeador-en-diversas-partes-del-estado\/","title":{"rendered":"Captura FGE un violador, un homicida y un golpeador en diversas partes del Estado"},"content":{"rendered":"<p style=\"text-align: justify;\">CHILPANCINGO. * 29 de marzo de 2021.<br \/>\n<em>] <a href=\"https:\/\/fiscaliaguerrero.gob.mx\" target=\"_blank\" rel=\"noopener\">https:\/\/fiscaliaguerrero.gob.mx<\/a>.<\/em><\/p>\n<p style=\"text-align: justify;\">El Ministerio P\u00fablico adscrito al Distrito de Judicial de Tabares, obtuvo vinculaci\u00f3n a proceso en contra de Rogelio \u00abN\u00bb, acusado como probable responsable del delito de Violaci\u00f3n Equiparada Agravada.<\/p>\n<p style=\"text-align: justify;\">El imputado (progenitor) es se\u00f1alado en la carpeta judicial C-183\/2021 de cometer el delito en agravio de la menor, en el mismo domicilio que habitaban.<\/p>\n<p style=\"text-align: justify;\">Por lo que en audiencia inicial, el Juez de Control dict\u00f3 vinculaci\u00f3n a proceso por el delito de Violaci\u00f3n Equiparada Agravada, otorgando cuatro meses de investigaci\u00f3n complementaria, imponiendo la prisi\u00f3n preventiva oficiosa, quedando interno en el Centro de Reinserci\u00f3n Social de Acapulco.<\/p>\n<p style=\"text-align: justify;\">La Fiscal\u00eda General del Estado continuar\u00e1 investigando los delitos del fuero com\u00fan y con especial seguimiento los cometidos en temas de igualdad de g\u00e9nero y menores de edad en el estado de Guerrero.<\/p>\n<p style=\"text-align: justify;\">\nMINISTERIALES APREHENDEN A UN HOMICIDA<\/p>\n<p><img loading=\"lazy\" decoding=\"async\" class=\"alignnone wp-image-1223565 \" src=\"https:\/\/www.acapulco.press\/wp-content\/uploads\/2021\/03\/fge-salvador-homicida.jpg\" alt=\"\" width=\"822\" height=\"822\" \/><\/p>\n<p style=\"text-align: justify;\">\nFiscal\u00eda de Guerrero a trav\u00e9s de la Polic\u00eda Investigadora Ministerial de Iguala de la Independencia, dio cumplimiento a la orden de aprehensi\u00f3n en contra de quien dijo llamarse Salvador \u00abN\u00bb, detenido como probable responsable del delito de Homicidio Calificado en agravio de Hercules \u00abN\u00bb y puesto a disposici\u00f3n del Juez de Control y Enjuiciamiento Penal.<\/p>\n<p style=\"text-align: justify;\">\nCAPTURA A RESPONSABLE DE LESIONES<\/p>\n<p style=\"text-align: justify;\">Fiscal\u00eda de Guerrero a trav\u00e9s de la Polic\u00eda Investigadora Ministerial de Teloloapan cumpliment\u00f3 la orden de aprehensi\u00f3n en contra de quien dijo llamarse Jorge \u201cN\u201d, detenido en carretera Altamirano-Iguala crucero que conduce al poblado de Pachivia, como probable responsable del delito de Lesiones, hechos en la causa penal 51\/2014 quedando a disposici\u00f3n del juez correspondiente.<\/p>\n<p><img loading=\"lazy\" decoding=\"async\" class=\"alignleft  wp-image-1223564\" src=\"https:\/\/www.acapulco.press\/wp-content\/uploads\/2021\/03\/fge-jorge-lesiones-375x375.jpg\" alt=\"\" width=\"821\" height=\"821\" \/><\/p>\n","protected":false},"excerpt":{"rendered":"<p>CHILPANCINGO. * 29 de marzo de 2021. ] https:\/\/fiscaliaguerrero.gob.mx. El Ministerio P\u00fablico adscrito al Distrito de Judicial de Tabares, obtuvo vinculaci\u00f3n a proceso en contra de Rogelio \u00abN\u00bb, acusado como probable responsable del delito de Violaci\u00f3n Equiparada Agravada. El imputado (progenitor) es se\u00f1alado en la carpeta judicial C-183\/2021 de cometer el delito en agravio de&#8230;<\/p>\n","protected":false},"author":2,"featured_media":1223565,"comment_status":"closed","ping_status":"closed","sticky":false,"template":"","format":"standard","meta":{"footnotes":""},"categories":[18561,2005],"tags":[8682,10946,14737],"class_list":["post-1223562","post","type-post","status-publish","format-standard","has-post-thumbnail","hentry","category-society-politics","category-seguridad-y-justicia","tag-fiscalia-general-de-guerrero-fge","tag-jorge-zuriel-de-los-santos-barrila","tag-policia-ministerial-de-guerrero"],"_links":{"self":[{"href":"https:\/\/www.acapulcopress.com\/index.php\/wp-json\/wp\/v2\/posts\/1223562","targetHints":{"allow":["GET"]}}],"collection":[{"href":"https:\/\/www.acapulcopress.com\/index.php\/wp-json\/wp\/v2\/posts"}],"about":[{"href":"https:\/\/www.acapulcopress.com\/index.php\/wp-json\/wp\/v2\/types\/post"}],"author":[{"embeddable":true,"href":"https:\/\/www.acapulcopress.com\/index.php\/wp-json\/wp\/v2\/users\/2"}],"replies":[{"embeddable":true,"href":"https:\/\/www.acapulcopress.com\/index.php\/wp-json\/wp\/v2\/comments?post=1223562"}],"version-history":[{"count":0,"href":"https:\/\/www.acapulcopress.com\/index.php\/wp-json\/wp\/v2\/posts\/1223562\/revisions"}],"wp:featuredmedia":[{"embeddable":true,"href":"https:\/\/www.acapulcopress.com\/index.php\/wp-json\/"}],"wp:attachment":[{"href":"https:\/\/www.acapulcopress.com\/index.php\/wp-json\/wp\/v2\/media?parent=1223562"}],"wp:term":[{"taxonomy":"category","embeddable":true,"href":"https:\/\/www.acapulcopress.com\/index.php\/wp-json\/wp\/v2\/categories?post=1223562"},{"taxonomy":"post_tag","embeddable":true,"href":"https:\/\/www.acapulcopress.com\/index.php\/wp-json\/wp\/v2\/tags?post=1223562"}],"curies":[{"name":"wp","href":"https:\/\/api.w.org\/{rel}","templated":true}]}}