{"id":1223598,"date":"2021-03-29T09:07:52","date_gmt":"2021-03-29T15:07:52","guid":{"rendered":"https:\/\/www.acapulcopress.com\/?p=1223598"},"modified":"2021-03-29T09:07:52","modified_gmt":"2021-03-29T15:07:52","slug":"reconoce-saldana-solidaridad-de-universitarios-en-etapa-de-vacunacion-covid19","status":"publish","type":"post","link":"https:\/\/www.acapulcopress.com\/index.php\/2021\/03\/29\/reconoce-saldana-solidaridad-de-universitarios-en-etapa-de-vacunacion-covid19\/","title":{"rendered":"Reconoce Salda\u00f1a solidaridad de universitarios en etapa de vacunaci\u00f3n Covid19"},"content":{"rendered":"<p>CHILPANCINGO. * 29 de marzo de 2021.<br \/>\n] UAGro.<\/p>\n<p>Con gran responsabilidad nuestros universitarios contin\u00faan brindaron apoyo en las zonas de registro, informaci\u00f3n y vigilancia a los adultos mayores que asistieron a la segunda etapa de vacunaci\u00f3n contra la COVID-19 en Acapulco.<br \/>\nLes agradecemos por representar y reflejar en su trabajo los principios, conocimientos y valores que inculcamos en la UAGro Universidad Aut\u00f3noma de Guerrero para servirle mejor al pueblo guerrerense.<\/p>\n\n","protected":false},"excerpt":{"rendered":"<p>CHILPANCINGO. * 29 de marzo de 2021. ] UAGro. Con gran responsabilidad nuestros universitarios contin\u00faan brindaron apoyo en las zonas de registro, informaci\u00f3n y vigilancia a los adultos mayores que asistieron a la segunda etapa de vacunaci\u00f3n contra la COVID-19 en Acapulco. Les agradecemos por representar y reflejar en su trabajo los principios, conocimientos y&#8230;<\/p>\n","protected":false},"author":2,"featured_media":1223587,"comment_status":"closed","ping_status":"closed","sticky":false,"template":"","format":"standard","meta":{"footnotes":""},"categories":[18561,2016],"tags":[6705,10644,11644,17463,17610],"class_list":["post-1223598","post","type-post","status-publish","format-standard","has-post-thumbnail","hentry","category-society-politics","category-uagro-society-politics","tag-covid19","tag-javier-saldana-almazan","tag-laboratorio-de-diagnostico-e-investigacion-de-salud-labdis","tag-uagro","tag-universidad-autonoma-de-guerrero-uagro"],"_links":{"self":[{"href":"https:\/\/www.acapulcopress.com\/index.php\/wp-json\/wp\/v2\/posts\/1223598","targetHints":{"allow":["GET"]}}],"collection":[{"href":"https:\/\/www.acapulcopress.com\/index.php\/wp-json\/wp\/v2\/posts"}],"about":[{"href":"https:\/\/www.acapulcopress.com\/index.php\/wp-json\/wp\/v2\/types\/post"}],"author":[{"embeddable":true,"href":"https:\/\/www.acapulcopress.com\/index.php\/wp-json\/wp\/v2\/users\/2"}],"replies":[{"embeddable":true,"href":"https:\/\/www.acapulcopress.com\/index.php\/wp-json\/wp\/v2\/comments?post=1223598"}],"version-history":[{"count":0,"href":"https:\/\/www.acapulcopress.com\/index.php\/wp-json\/wp\/v2\/posts\/1223598\/revisions"}],"wp:featuredmedia":[{"embeddable":true,"href":"https:\/\/www.acapulcopress.com\/index.php\/wp-json\/"}],"wp:attachment":[{"href":"https:\/\/www.acapulcopress.com\/index.php\/wp-json\/wp\/v2\/media?parent=1223598"}],"wp:term":[{"taxonomy":"category","embeddable":true,"href":"https:\/\/www.acapulcopress.com\/index.php\/wp-json\/wp\/v2\/categories?post=1223598"},{"taxonomy":"post_tag","embeddable":true,"href":"https:\/\/www.acapulcopress.com\/index.php\/wp-json\/wp\/v2\/tags?post=1223598"}],"curies":[{"name":"wp","href":"https:\/\/api.w.org\/{rel}","templated":true}]}}