{"id":1223622,"date":"2021-03-29T23:00:43","date_gmt":"2021-03-30T05:00:43","guid":{"rendered":"https:\/\/www.acapulcopress.com\/?p=1223622"},"modified":"2021-03-29T23:00:43","modified_gmt":"2021-03-30T05:00:43","slug":"iepcgro-tambien-anula-candidatura-de-felix","status":"publish","type":"post","link":"https:\/\/www.acapulcopress.com\/index.php\/2021\/03\/29\/iepcgro-tambien-anula-candidatura-de-felix\/","title":{"rendered":"IEPCGro tambi\u00e9n anula candidatura a F\u00e9lix"},"content":{"rendered":"<p style=\"text-align: justify;\">CHILPANCINGO. * 29 de marzo de 2021.<br \/>\n<em>] <a href=\"https:\/\/www.proceso.com.mx\/nacional\/estados\/2021\/3\/29\/instituto-electoral-de-guerrero-cancela-la-candidatura-de-felix-salgado-macedonio-260974.html\" target=\"_blank\" rel=\"noopener\">Apro<\/a>.<\/em><\/p>\n<p style=\"text-align: justify;\">En su sesi\u00f3n de hoy el Consejo General del Instituto Electoral y de Participaci\u00f3n Ciudadana de Guerrero (IEPC-Guerrero) acord\u00f3 cancelar la candidatura de F\u00e9lix Salgado Macedonio a la gubernatura del estado por Morena.<\/p>\n<p style=\"text-align: justify;\">Durante su d\u00e9cima sesi\u00f3n extraordinaria los integrantes del IEPC-Guerrero determinaron por unanimidad de votos, aprobar el proyecto de acuerdo 095\/SE\/29-03-2021\/, para dar cumplimiento a lo que mandat\u00f3 el Consejo General del Instituto Nacional Electoral (INE) de cancelar el registro como candidato a la gubernatura de F\u00e9lix Salgado Macedonio por no haber reportado gastos de precampa\u00f1a.<\/p>\n<p style=\"text-align: justify;\">El representante de Morena ante el IEPC-Guerrero, Alberto Villalpando Guzm\u00e1n, anunci\u00f3 que interpondr\u00e1n un recurso de impugnaci\u00f3n ante el Tribunal Electoral del Poder Judicial de la Federaci\u00f3n para que restituya la candidatura al senador con licencia.<\/p>\n<p style=\"text-align: justify;\">El morenista acus\u00f3 que los elementos que enmarcan los resolutivos del INE son improcedentes.<\/p>\n<p style=\"text-align: justify;\">A su vez, en la sesi\u00f3n extraordinaria del \u00f3rgano electoral, el representante del Partido Acci\u00f3n Nacional (PAN), Silvio Rodr\u00edguez Garc\u00eda, exhort\u00f3 a Morena y a F\u00e9lix Salgado Macedonio a no incitar a la violencia con sus llamados a sus seguidores de tomar carreteras y boicotear la elecci\u00f3n del 6 de junio, y mejor hacer uso de las instancias competentes.<\/p>\n<p>SESI\u00d3N DEL IEPCGRO<br \/>\n<iframe loading=\"lazy\" title=\"D\u00e9cima Sesi\u00f3n Extraordinaria del Consejo General del IEPC Guerrero\" width=\"1160\" height=\"653\" src=\"https:\/\/www.youtube.com\/embed\/kjTRfVJ6DVs?feature=oembed\" frameborder=\"0\" allow=\"accelerometer; autoplay; clipboard-write; encrypted-media; gyroscope; picture-in-picture; web-share\" referrerpolicy=\"strict-origin-when-cross-origin\" allowfullscreen><\/iframe><\/p>\n","protected":false},"excerpt":{"rendered":"<p>CHILPANCINGO. * 29 de marzo de 2021. ] Apro. En su sesi\u00f3n de hoy el Consejo General del Instituto Electoral y de Participaci\u00f3n Ciudadana de Guerrero (IEPC-Guerrero) acord\u00f3 cancelar la candidatura de F\u00e9lix Salgado Macedonio a la gubernatura del estado por Morena. Durante su d\u00e9cima sesi\u00f3n extraordinaria los integrantes del IEPC-Guerrero determinaron por unanimidad de&#8230;<\/p>\n","protected":false},"author":2,"featured_media":1223624,"comment_status":"closed","ping_status":"closed","sticky":false,"template":"","format":"standard","meta":{"footnotes":""},"categories":[2053,1972,1997],"tags":[3478,8467,10133,10255,13297,17391],"class_list":["post-1223622","post","type-post","status-publish","format-standard","has-post-thumbnail","hentry","category-elecciones-special","category-special","category-noticias-destacadas","tag-alberto-villalpando-guzman","tag-felix-salgado-macedonio","tag-ine","tag-instituto-electoral-y-de-participacion-ciudadana-de-guerrero-iepcgro","tag-morena","tag-tribunal-electoral-del-poder-judicial-de-la-federacion-tepjf"],"_links":{"self":[{"href":"https:\/\/www.acapulcopress.com\/index.php\/wp-json\/wp\/v2\/posts\/1223622","targetHints":{"allow":["GET"]}}],"collection":[{"href":"https:\/\/www.acapulcopress.com\/index.php\/wp-json\/wp\/v2\/posts"}],"about":[{"href":"https:\/\/www.acapulcopress.com\/index.php\/wp-json\/wp\/v2\/types\/post"}],"author":[{"embeddable":true,"href":"https:\/\/www.acapulcopress.com\/index.php\/wp-json\/wp\/v2\/users\/2"}],"replies":[{"embeddable":true,"href":"https:\/\/www.acapulcopress.com\/index.php\/wp-json\/wp\/v2\/comments?post=1223622"}],"version-history":[{"count":0,"href":"https:\/\/www.acapulcopress.com\/index.php\/wp-json\/wp\/v2\/posts\/1223622\/revisions"}],"wp:featuredmedia":[{"embeddable":true,"href":"https:\/\/www.acapulcopress.com\/index.php\/wp-json\/"}],"wp:attachment":[{"href":"https:\/\/www.acapulcopress.com\/index.php\/wp-json\/wp\/v2\/media?parent=1223622"}],"wp:term":[{"taxonomy":"category","embeddable":true,"href":"https:\/\/www.acapulcopress.com\/index.php\/wp-json\/wp\/v2\/categories?post=1223622"},{"taxonomy":"post_tag","embeddable":true,"href":"https:\/\/www.acapulcopress.com\/index.php\/wp-json\/wp\/v2\/tags?post=1223622"}],"curies":[{"name":"wp","href":"https:\/\/api.w.org\/{rel}","templated":true}]}}