{"id":1223632,"date":"2021-03-29T23:30:52","date_gmt":"2021-03-30T05:30:52","guid":{"rendered":"https:\/\/www.acapulcopress.com\/?p=1223632"},"modified":"2021-03-29T23:30:52","modified_gmt":"2021-03-30T05:30:52","slug":"mario-delgado-plantea-renovar-o-exterminar-al-ine","status":"publish","type":"post","link":"https:\/\/www.acapulcopress.com\/index.php\/2021\/03\/29\/mario-delgado-plantea-renovar-o-exterminar-al-ine\/","title":{"rendered":"Mario Delgado plantea renovar o exterminar al INE"},"content":{"rendered":"<p style=\"text-align: justify;\">CIUDAD DE M\u00c9XICO. * 29 de marzo de 2021.<br \/>\n<em>] <a href=\"https:\/\/www.proceso.com.mx\/nacional\/2021\/3\/29\/mario-delgado-plantea-renovar-exterminar-al-ine-acusa-consejeros-de-sumarse-al-tumor-261005.html\" target=\"_blank\" rel=\"noopener\">Apro<\/a>.<\/em><\/p>\n<p style=\"text-align: justify;\">El dirigente nacional de Morena, Mario Delgado, admiti\u00f3 que debe pensarse en renovar o exterminar al Instituto Nacional Electoral (INE).<\/p>\n<p style=\"text-align: justify;\">La expresi\u00f3n surge en medio de una escalada de se\u00f1alamientos entre dicho partido y el \u00f3rgano electoral, tras una serie de decisiones que han afectado a Morena, cuyo dirigente calific\u00f3 hoy a algunos consejeros de actuar como \u201cgatilleros del Prian\u201d.<\/p>\n<p style=\"text-align: justify;\">\u201cEl INE est\u00e1 demostrando que se qued\u00f3 atr\u00e1s. La gente dio un gran salto hacia consolidar nuestra democracia en julio de 2018 y la instituci\u00f3n electoral sigue atorada en el pasado, sigue con las pr\u00e1cticas del PRIAN y hay que pensar muy seriamente qu\u00e9 hacemos, pero a estos consejeros ya les qued\u00f3 grande el saco\u201d.<\/p>\n<p style=\"text-align: justify;\">Adem\u00e1s, consider\u00f3 que el INE ya se sum\u00f3 a \u201cTumor\u201d (todos unidos contra Morena).<\/p>\n<p style=\"text-align: justify;\">La pregunta fue concreta sobre renovar o exterminar al INE. La respuesta fue: \u201cYo creo que son las dos cosas, no s\u00f3lo pensar en el tema de las personas, sino en la instituci\u00f3n en su conjunto, que garantice una aut\u00e9ntica democracia\u201d.<\/p>\n<p style=\"text-align: justify;\">Mario Delgado hizo las declaraciones en Villahermosa, Tabasco, la capital del estado natal del presidente L\u00f3pez Obrador y uno de sus bastiones electorales.<\/p>\n<p style=\"text-align: justify;\">Para el l\u00edder de Morena, no debe permitirse un retroceso en el avance democr\u00e1tico, e inclusive plante\u00f3 que el INE se adhiera al Acuerdo por la Democracia convocado por el presidente L\u00f3pez Obrador, un pacto que el presidente del \u00f3rgano electoral descalific\u00f3 por no ser vinculante.<\/p>\n<p style=\"text-align: justify;\">El desencuentro entre Morena y el INE, espec\u00edficamente con sus consejeros Lorenzo C\u00f3rdova y Ciro Murayama, lleva varias semanas y se ha profundizado por decisiones sobre el retiro de spots, la transmisi\u00f3n de la conferencia de prensa presidencial, un acuerdo para evitar la sobrerrepresentaci\u00f3n legislativa, y en d\u00edas pasados por la cancelaci\u00f3n del registro de 39 candidatos, entre ellos dos aspirantes a gobernador punteros en las encuestas: Ra\u00fal Mor\u00f3n, de Michoac\u00e1n, y F\u00e9lix Salgado Macedonio, de Guerrero.<\/p>\n","protected":false},"excerpt":{"rendered":"<p>CIUDAD DE M\u00c9XICO. * 29 de marzo de 2021. ] Apro. El dirigente nacional de Morena, Mario Delgado, admiti\u00f3 que debe pensarse en renovar o exterminar al Instituto Nacional Electoral (INE). La expresi\u00f3n surge en medio de una escalada de se\u00f1alamientos entre dicho partido y el \u00f3rgano electoral, tras una serie de decisiones que han&#8230;<\/p>\n","protected":false},"author":2,"featured_media":1223633,"comment_status":"closed","ping_status":"closed","sticky":false,"template":"","format":"standard","meta":{"footnotes":""},"categories":[1969],"tags":[10337],"class_list":["post-1223632","post","type-post","status-publish","format-standard","has-post-thumbnail","hentry","category-trending","tag-instituto-nacional-electoral-ine"],"_links":{"self":[{"href":"https:\/\/www.acapulcopress.com\/index.php\/wp-json\/wp\/v2\/posts\/1223632","targetHints":{"allow":["GET"]}}],"collection":[{"href":"https:\/\/www.acapulcopress.com\/index.php\/wp-json\/wp\/v2\/posts"}],"about":[{"href":"https:\/\/www.acapulcopress.com\/index.php\/wp-json\/wp\/v2\/types\/post"}],"author":[{"embeddable":true,"href":"https:\/\/www.acapulcopress.com\/index.php\/wp-json\/wp\/v2\/users\/2"}],"replies":[{"embeddable":true,"href":"https:\/\/www.acapulcopress.com\/index.php\/wp-json\/wp\/v2\/comments?post=1223632"}],"version-history":[{"count":0,"href":"https:\/\/www.acapulcopress.com\/index.php\/wp-json\/wp\/v2\/posts\/1223632\/revisions"}],"wp:featuredmedia":[{"embeddable":true,"href":"https:\/\/www.acapulcopress.com\/index.php\/wp-json\/"}],"wp:attachment":[{"href":"https:\/\/www.acapulcopress.com\/index.php\/wp-json\/wp\/v2\/media?parent=1223632"}],"wp:term":[{"taxonomy":"category","embeddable":true,"href":"https:\/\/www.acapulcopress.com\/index.php\/wp-json\/wp\/v2\/categories?post=1223632"},{"taxonomy":"post_tag","embeddable":true,"href":"https:\/\/www.acapulcopress.com\/index.php\/wp-json\/wp\/v2\/tags?post=1223632"}],"curies":[{"name":"wp","href":"https:\/\/api.w.org\/{rel}","templated":true}]}}