{"id":1223639,"date":"2021-03-29T23:51:13","date_gmt":"2021-03-30T05:51:13","guid":{"rendered":"https:\/\/www.acapulcopress.com\/?p=1223639"},"modified":"2021-03-29T23:51:13","modified_gmt":"2021-03-30T05:51:13","slug":"suman-93-suspensiones-contra-aplicacion-de-ley-electrica-de-amlo","status":"publish","type":"post","link":"https:\/\/www.acapulcopress.com\/index.php\/2021\/03\/29\/suman-93-suspensiones-contra-aplicacion-de-ley-electrica-de-amlo\/","title":{"rendered":"Suman 93 suspensiones contra aplicaci\u00f3n de ley el\u00e9ctrica de AMLO"},"content":{"rendered":"<p style=\"text-align: justify;\">CIUDAD DE M\u00c9XICO. * 29 de marzo de 2021.<br \/>\n<em>] <a href=\"https:\/\/www.proceso.com.mx\/nacional\/2021\/3\/29\/suman-93-suspensiones-contra-aplicacion-de-ley-electrica-de-amlo-260979.html\" target=\"_blank\" rel=\"noopener\">Apro<\/a>.<\/em><\/p>\n<p style=\"text-align: justify;\">Los juzgados federales especializados en competencia econ\u00f3mica concedieron nuevas suspensiones de car\u00e1cter indefinido contra la aplicaci\u00f3n de la reforma a la Ley de la Industria El\u00e9ctrica (LIE), por lo que el n\u00famero de juicios de amparo en el que se ha otorgado la medida cautelar lleg\u00f3 a 93, de acuerdo con fuentes del Consejo de la Judicatura Federal (CJF).<\/p>\n<p style=\"text-align: justify;\">Este lunes, el juez Primero de Distrito en Materia Administrativa Especializado en Competencia Econ\u00f3mica, Radiodifusi\u00f3n y Telecomunicaciones, Rodrigo de la Peza, otorg\u00f3 seis suspensiones definitivas dentro de los juicios de amparo presentados por diversas empresas privadas generadoras de energ\u00eda e\u00f3lica y solar, las cuales enfrentar\u00edan mayores restricciones para interconectarse al Sistema El\u00e9ctrico Nacional (SEN).<\/p>\n<p style=\"text-align: justify;\">En resoluciones por separado, el juez Segundo de Distrito en Materia Administrativa Especializado en Competencia Econ\u00f3mica, Radiodifusi\u00f3n y Telecomunicaciones, Juan Pablo G\u00f3mez Fierro, concedi\u00f3 tres suspensiones adicionales, mientras que la Secretar\u00eda de Energ\u00eda sigui\u00f3 presentado quejas para impugnar las medidas cautelares otorgadas por ambos impartidores de justicia.<\/p>\n<p style=\"text-align: justify;\">En otra resoluci\u00f3n, el juez G\u00f3mez Fierro dio por cumplida la orden que dio a la Secretar\u00eda de Energ\u00eda (Sener) de publicar en el Diario Oficial de la Federaci\u00f3n (DOF) un aviso sobre la suspensi\u00f3n de la LIE.<\/p>\n<p style=\"text-align: justify;\">\u201cEn consecuencia, este juzgado federal estima procedente, por el momento, tener por cumplido el efecto de publicidad que se determin\u00f3 en el auto y resoluci\u00f3n en los que, respectivamente, se emiti\u00f3 pronunciamiento sobre la suspensi\u00f3n provisional y la definitiva\u201d, destaca la resoluci\u00f3n.<\/p>\n","protected":false},"excerpt":{"rendered":"<p>CIUDAD DE M\u00c9XICO. * 29 de marzo de 2021. ] Apro. Los juzgados federales especializados en competencia econ\u00f3mica concedieron nuevas suspensiones de car\u00e1cter indefinido contra la aplicaci\u00f3n de la reforma a la Ley de la Industria El\u00e9ctrica (LIE), por lo que el n\u00famero de juicios de amparo en el que se ha otorgado la medida&#8230;<\/p>\n","protected":false},"author":2,"featured_media":1223640,"comment_status":"closed","ping_status":"closed","sticky":false,"template":"","format":"standard","meta":{"footnotes":""},"categories":[1969,1972,18574],"tags":[3793,7282,11840,16174,16709],"class_list":["post-1223639","post","type-post","status-publish","format-standard","has-post-thumbnail","hentry","category-trending","category-special","category-gobierno-la-foto","tag-amlo","tag-diario-oficial-de-la-federacion-dof","tag-ley-de-la-industria-electrica-lie","tag-secretaria-de-energia-sener","tag-sistema-electrico-nacional-sen"],"_links":{"self":[{"href":"https:\/\/www.acapulcopress.com\/index.php\/wp-json\/wp\/v2\/posts\/1223639","targetHints":{"allow":["GET"]}}],"collection":[{"href":"https:\/\/www.acapulcopress.com\/index.php\/wp-json\/wp\/v2\/posts"}],"about":[{"href":"https:\/\/www.acapulcopress.com\/index.php\/wp-json\/wp\/v2\/types\/post"}],"author":[{"embeddable":true,"href":"https:\/\/www.acapulcopress.com\/index.php\/wp-json\/wp\/v2\/users\/2"}],"replies":[{"embeddable":true,"href":"https:\/\/www.acapulcopress.com\/index.php\/wp-json\/wp\/v2\/comments?post=1223639"}],"version-history":[{"count":0,"href":"https:\/\/www.acapulcopress.com\/index.php\/wp-json\/wp\/v2\/posts\/1223639\/revisions"}],"wp:featuredmedia":[{"embeddable":true,"href":"https:\/\/www.acapulcopress.com\/index.php\/wp-json\/"}],"wp:attachment":[{"href":"https:\/\/www.acapulcopress.com\/index.php\/wp-json\/wp\/v2\/media?parent=1223639"}],"wp:term":[{"taxonomy":"category","embeddable":true,"href":"https:\/\/www.acapulcopress.com\/index.php\/wp-json\/wp\/v2\/categories?post=1223639"},{"taxonomy":"post_tag","embeddable":true,"href":"https:\/\/www.acapulcopress.com\/index.php\/wp-json\/wp\/v2\/tags?post=1223639"}],"curies":[{"name":"wp","href":"https:\/\/api.w.org\/{rel}","templated":true}]}}