{"id":1223692,"date":"2021-03-30T12:37:09","date_gmt":"2021-03-30T18:37:09","guid":{"rendered":"https:\/\/www.acapulcopress.com\/?p=1223692"},"modified":"2021-03-30T12:37:09","modified_gmt":"2021-03-30T18:37:09","slug":"feliz-aniversario-a-nuestra-querida-alma-mater-de-guerrero","status":"publish","type":"post","link":"https:\/\/www.acapulcopress.com\/index.php\/2021\/03\/30\/feliz-aniversario-a-nuestra-querida-alma-mater-de-guerrero\/","title":{"rendered":"\u00a1Feliz aniversario, querida Alma Mater de Guerrero!"},"content":{"rendered":"<p>CHILPANCINGO. * 30 de marzo de 2021.<br \/>\n<em>] UAGro.<\/em><\/p>\n<p style=\"text-align: justify;\">\u00abEl 30 de marzo de 1960 se decret\u00f3 la creaci\u00f3n de la Universidad Aut\u00f3noma de Guerrero (UAGro); en los \u00faltimos a\u00f1os consolidamos una transformaci\u00f3n sin precedentes que enaltece a la #UAGro a nivel nacional e internacional, abonando un legado importante en la Educaci\u00f3n Superior del estado\u00bb, subray\u00f3 el Rector Javier Salda\u00f1a Almaz\u00e1n, quien dese\u00f3\u00a0 \u00ab\u00a1feliz aniversario a (su) querida Alma Mater!\u00bb guerrerense.<\/p>\n<p><em>#OrgullosamenteUAGro<\/em><\/p>\n","protected":false},"excerpt":{"rendered":"<p>CHILPANCINGO. * 30 de marzo de 2021. ] UAGro. \u00abEl 30 de marzo de 1960 se decret\u00f3 la creaci\u00f3n de la Universidad Aut\u00f3noma de Guerrero (UAGro); en los \u00faltimos a\u00f1os consolidamos una transformaci\u00f3n sin precedentes que enaltece a la #UAGro a nivel nacional e internacional, abonando un legado importante en la Educaci\u00f3n Superior del estado\u00bb,&#8230;<\/p>\n","protected":false},"author":2,"featured_media":1223693,"comment_status":"closed","ping_status":"closed","sticky":false,"template":"","format":"standard","meta":{"footnotes":""},"categories":[18561,2016],"tags":[2812,6705,10644,17463,17610],"class_list":["post-1223692","post","type-post","status-publish","format-standard","has-post-thumbnail","hentry","category-society-politics","category-uagro-society-politics","tag-orgullosamenteuagro","tag-covid19","tag-javier-saldana-almazan","tag-uagro","tag-universidad-autonoma-de-guerrero-uagro"],"_links":{"self":[{"href":"https:\/\/www.acapulcopress.com\/index.php\/wp-json\/wp\/v2\/posts\/1223692","targetHints":{"allow":["GET"]}}],"collection":[{"href":"https:\/\/www.acapulcopress.com\/index.php\/wp-json\/wp\/v2\/posts"}],"about":[{"href":"https:\/\/www.acapulcopress.com\/index.php\/wp-json\/wp\/v2\/types\/post"}],"author":[{"embeddable":true,"href":"https:\/\/www.acapulcopress.com\/index.php\/wp-json\/wp\/v2\/users\/2"}],"replies":[{"embeddable":true,"href":"https:\/\/www.acapulcopress.com\/index.php\/wp-json\/wp\/v2\/comments?post=1223692"}],"version-history":[{"count":0,"href":"https:\/\/www.acapulcopress.com\/index.php\/wp-json\/wp\/v2\/posts\/1223692\/revisions"}],"wp:featuredmedia":[{"embeddable":true,"href":"https:\/\/www.acapulcopress.com\/index.php\/wp-json\/"}],"wp:attachment":[{"href":"https:\/\/www.acapulcopress.com\/index.php\/wp-json\/wp\/v2\/media?parent=1223692"}],"wp:term":[{"taxonomy":"category","embeddable":true,"href":"https:\/\/www.acapulcopress.com\/index.php\/wp-json\/wp\/v2\/categories?post=1223692"},{"taxonomy":"post_tag","embeddable":true,"href":"https:\/\/www.acapulcopress.com\/index.php\/wp-json\/wp\/v2\/tags?post=1223692"}],"curies":[{"name":"wp","href":"https:\/\/api.w.org\/{rel}","templated":true}]}}