{"id":1223699,"date":"2021-03-30T21:01:26","date_gmt":"2021-03-31T03:01:26","guid":{"rendered":"https:\/\/www.acapulcopress.com\/?p=1223699"},"modified":"2021-03-30T21:01:26","modified_gmt":"2021-03-31T03:01:26","slug":"amlo-anuncia-reedicion-de-obras-literarias-alusivas-a-fundacion-de-tenochtitlan","status":"publish","type":"post","link":"https:\/\/www.acapulcopress.com\/index.php\/2021\/03\/30\/amlo-anuncia-reedicion-de-obras-literarias-alusivas-a-fundacion-de-tenochtitlan\/","title":{"rendered":"AMLO anuncia reedici\u00f3n de obras literarias alusivas a fundaci\u00f3n de Tenochtitl\u00e1n e Independencia"},"content":{"rendered":"<p style=\"text-align: justify;\">PALACIO NACIONAL. * 30 de marzo de 2021.<br \/>\n<em>] Gobierno de M\u00e9xico.<\/em><\/p>\n<p style=\"text-align: justify;\">En su mensaje a la naci\u00f3n por los 100 d\u00edas del Tercer A\u00f1o de Gobierno, el presidente Andr\u00e9s Manuel L\u00f3pez Obrador anunci\u00f3 que se exhibir\u00e1n piezas arqueol\u00f3gicas y c\u00f3dices, y se celebrar\u00e1n diversos actos c\u00edvicos, art\u00edsticos y culturales <img loading=\"lazy\" decoding=\"async\" class=\"alignleft size-medium wp-image-1223701\" src=\"https:\/\/www.acapulco.press\/wp-content\/uploads\/2021\/03\/100-dias-gobmx2-375x250.jpg\" alt=\"\" width=\"375\" height=\"250\" \/>en el contexto de la conmemoraci\u00f3n por los 700 a\u00f1os de la fundaci\u00f3n y 500 a\u00f1os de la ca\u00edda de Tenochtitl\u00e1n, as\u00ed como los 200 a\u00f1os de la Independencia alcanzada el 26 de septiembre de 1821.<\/p>\n<p style=\"text-align: justify;\">Detall\u00f3 que, entre otras acciones, se reeditar\u00e1n 2 millones 100 mil libros de 21 destacados autores, \u201cque han dejado con sus obras constancia de la grandeza cultural de M\u00e9xico\u201d.<\/p>\n<p style=\"text-align: justify;\">Destacan en las reediciones, <em>El laberinto de la soledad<\/em> de Octavio Paz; <em>Tom\u00f3chic<\/em> de Heriberto Fr\u00edas; <em>Cr\u00f3nicas de amor, de historia y de guerra<\/em> de Guillermo Prieto; <em>Bal\u00fan Canan<\/em> de Rosario Castellanos;<em> El libro vac\u00edo<\/em> de Josefina Vinc\u00e9ns;<em> Canek<\/em> de Ermilo Abreu G\u00f3mez; <em>Noticias biogr\u00e1ficas de insurgentes apodados<\/em> de El\u00edas Amador; <em>Paseo de la Reforma<\/em> de Elena Poniatowska; <em>Los de abajo<\/em> de Mariano Azuela; <em>La sombra del Caudillo<\/em> de Mart\u00edn Luis Guzm\u00e1n; <em>R\u00edo Subterr\u00e1neo<\/em> de In\u00e9s Arredondo; <em>El libro rojo de la independencia<\/em> de Vicente Riva Palacio y Manuel Payno;<em> Breve historia de la guerra con los Estados Unidos<\/em> de Jos\u00e9 C. Valad\u00e9s; <em>Apocal\u00edpstik<\/em> de Carlos Monsiv\u00e1is; <em>Tiempo de ladrones<\/em> de Emilio Carballido; <em>Muerte en el bosque<\/em> de Amparo D\u00e1vila; <em>Antolog\u00eda de la poes\u00eda del siglo XIX<\/em> de varios autores; <em>Y Matarazo no llam\u00f3\u2026<\/em> de Elena Garro; <em>Tiene la noche un \u00e1rbol<\/em> de Guadalupe Due\u00f1as; <em>Pueblo en vilo<\/em>, Luis Gonz\u00e1lez y Gonz\u00e1lez y <em>La revoluci\u00f3n de Independencia<\/em> de Luis Villoro.<\/p>\n<p style=\"text-align: justify;\">El mandatario inform\u00f3 que estar\u00e1n invitadas delegaciones art\u00edsticas de varios pa\u00edses y mandatarios o l\u00edderes comunitarios, sociales o sectoriales de diversas expresiones pol\u00edticas, \u00e9tnicas, sociales y culturales del mundo.<\/p>\n<p style=\"text-align: justify;\">Resalt\u00f3 que hasta este d\u00eda se han celebrado tres actos conmemorativos: el dedicado a Vicente Guerrero, l\u00edder popular e independentista; la promulgaci\u00f3n del Plan de Iguala y la creaci\u00f3n de la bandera; y, recientemente, el d\u00eda 25 de marzo, en Champot\u00f3n, Campeche, la resistencia ind\u00edgena y condena al racismo.<\/p>\n<p style=\"text-align: justify;\">A estos encuentros de reflexi\u00f3n y di\u00e1logo asistieron Mart\u00edn Luther King, hijo del luchador de los derechos civiles; Alberto Fern\u00e1ndez, presidente de Argentina, y Luis Arce Catacora, presidente del Estado Plurinacional de Bolivia.<\/p>\n","protected":false},"excerpt":{"rendered":"<p>PALACIO NACIONAL. * 30 de marzo de 2021. ] Gobierno de M\u00e9xico. En su mensaje a la naci\u00f3n por los 100 d\u00edas del Tercer A\u00f1o de Gobierno, el presidente Andr\u00e9s Manuel L\u00f3pez Obrador anunci\u00f3 que se exhibir\u00e1n piezas arqueol\u00f3gicas y c\u00f3dices, y se celebrar\u00e1n diversos actos c\u00edvicos, art\u00edsticos y culturales en el contexto de la&#8230;<\/p>\n","protected":false},"author":2,"featured_media":1223700,"comment_status":"closed","ping_status":"closed","sticky":false,"template":"","format":"standard","meta":{"footnotes":""},"categories":[2025,18579,1972,1988],"tags":[3463,3896,4045,4540,5098,6768,7724,7727,7728,11625,12081,12159,12753,13770,14316,17270],"class_list":["post-1223699","post","type-post","status-publish","format-standard","has-post-thumbnail","hentry","category-arte-y-literatura","category-educacion-y-cultura","category-special","category-lifestyles","tag-alberto-fernandez","tag-andres-manuel-lopez-obrador","tag-apocalipstik","tag-balun-canan","tag-canek","tag-cronicas-de-amor-de-historia-y-de-guerra","tag-el-laberinto-de-la-soledad","tag-el-libro-rojo-de-la-independencia","tag-el-libro-vacio","tag-la-sombra-del-caudillo","tag-los-de-abajo","tag-luis-arce-catacora","tag-martin-luther-king","tag-noticias-biograficas-de-insurgentes-apodados","tag-paseo-de-la-reforma","tag-tomochic"],"_links":{"self":[{"href":"https:\/\/www.acapulcopress.com\/index.php\/wp-json\/wp\/v2\/posts\/1223699","targetHints":{"allow":["GET"]}}],"collection":[{"href":"https:\/\/www.acapulcopress.com\/index.php\/wp-json\/wp\/v2\/posts"}],"about":[{"href":"https:\/\/www.acapulcopress.com\/index.php\/wp-json\/wp\/v2\/types\/post"}],"author":[{"embeddable":true,"href":"https:\/\/www.acapulcopress.com\/index.php\/wp-json\/wp\/v2\/users\/2"}],"replies":[{"embeddable":true,"href":"https:\/\/www.acapulcopress.com\/index.php\/wp-json\/wp\/v2\/comments?post=1223699"}],"version-history":[{"count":0,"href":"https:\/\/www.acapulcopress.com\/index.php\/wp-json\/wp\/v2\/posts\/1223699\/revisions"}],"wp:featuredmedia":[{"embeddable":true,"href":"https:\/\/www.acapulcopress.com\/index.php\/wp-json\/"}],"wp:attachment":[{"href":"https:\/\/www.acapulcopress.com\/index.php\/wp-json\/wp\/v2\/media?parent=1223699"}],"wp:term":[{"taxonomy":"category","embeddable":true,"href":"https:\/\/www.acapulcopress.com\/index.php\/wp-json\/wp\/v2\/categories?post=1223699"},{"taxonomy":"post_tag","embeddable":true,"href":"https:\/\/www.acapulcopress.com\/index.php\/wp-json\/wp\/v2\/tags?post=1223699"}],"curies":[{"name":"wp","href":"https:\/\/api.w.org\/{rel}","templated":true}]}}