{"id":1223708,"date":"2021-03-30T21:33:55","date_gmt":"2021-03-31T03:33:55","guid":{"rendered":"https:\/\/www.acapulcopress.com\/?p=1223708"},"modified":"2021-03-30T21:33:55","modified_gmt":"2021-03-31T03:33:55","slug":"felix-impugna-cancelacion-de-candidatura","status":"publish","type":"post","link":"https:\/\/www.acapulcopress.com\/index.php\/2021\/03\/30\/felix-impugna-cancelacion-de-candidatura\/","title":{"rendered":"F\u00e9lix impugna cancelaci\u00f3n de candidatura"},"content":{"rendered":"<p style=\"text-align: justify;\">FACEBOOK. * 30 de marzo de 2021.<br \/>\n<em>] <a href=\"https:\/\/latinus.us\/2021\/03\/30\/felix-salgado-macedonio-impugna-cancelacion-candidatura-convoca-marcha\/\" target=\"_blank\" rel=\"noopener\">Latinus<\/a>.<\/em><\/p>\n<p style=\"text-align: justify;\"><img loading=\"lazy\" decoding=\"async\" class=\"alignleft size-medium wp-image-1223710\" src=\"https:\/\/www.acapulco.press\/wp-content\/uploads\/2021\/03\/MARCHA-FELIX-375x1000.png\" alt=\"\" width=\"375\" height=\"1000\" \/>El senador con licencia F\u00e9lix Salgado Macedonio impugn\u00f3 este martes la decisi\u00f3n del Consejo General del Instituto Nacional Electoral (INE) de cancelar el registro de su candidatura a la gubernatura de Guerrero y convoc\u00f3 a sus seguidores a una marcha en Chilpancingo \u201cpor la democracia y la dignidad\u201d, que se llevar\u00e1 a cabo este mi\u00e9rcoles.<\/p>\n<p style=\"text-align: justify;\">Mediante sus redes sociales, Salgado dio a conocer que ya hizo el tr\u00e1mite de la impugnaci\u00f3n \u201cpara seguir los cauces pertinentes del proceso y demostrar que la determinaci\u00f3n tomada por siete personas ajenas a Guerrero es un atentado a la democracia y a la voluntad popular\u201d.<\/p>\n<p style=\"text-align: justify;\">El exalcalde de Acapulco asegur\u00f3 que \u201cla lucha jur\u00eddica avanza en el marco de la ley y los procedimientos, estamos dando la batalla ante el intento de vulnerar la decisi\u00f3n del pueblo desde un escritorio\u201d.<\/p>\n<p style=\"text-align: justify;\">Tambi\u00e9n agradeci\u00f3 a sus seguidores por su apoyo a trav\u00e9s de las manifestaciones que realizaron en distintos municipios desde el viernes pasado, la cual calific\u00f3 como una \u201clucha pac\u00edfica\u201d para \u201chacer escuchar la voz del pueblo ante la injusticia\u201d.<\/p>\n<p style=\"text-align: justify;\">F\u00e9lix Salgado Macedonio expres\u00f3 que \u201cla dignidad de Guerrero est\u00e1 por encima de intereses personales o de c\u00fapulas, la cruzada por la defensa de la democracia sigue sin descanso\u201d.<\/p>\n<p style=\"text-align: justify;\">El pol\u00edtico dijo que Morena convoc\u00f3 a una marcha para este 31 de marzo, en la capital de Guerrero: \u201cAh\u00ed marchar\u00e9 con ustedes como un ciudadano m\u00e1s protestando contra el viejo r\u00e9gimen que se niega a claudicar\u201d.<\/p>\n","protected":false},"excerpt":{"rendered":"<p>FACEBOOK. * 30 de marzo de 2021. ] Latinus. El senador con licencia F\u00e9lix Salgado Macedonio impugn\u00f3 este martes la decisi\u00f3n del Consejo General del Instituto Nacional Electoral (INE) de cancelar el registro de su candidatura a la gubernatura de Guerrero y convoc\u00f3 a sus seguidores a una marcha en Chilpancingo \u201cpor la democracia y&#8230;<\/p>\n","protected":false},"author":2,"featured_media":1223709,"comment_status":"closed","ping_status":"closed","sticky":false,"template":"","format":"standard","meta":{"footnotes":""},"categories":[2053,1972,1997],"tags":[8467,10248,10280,17391],"class_list":["post-1223708","post","type-post","status-publish","format-standard","has-post-thumbnail","hentry","category-elecciones-special","category-special","category-noticias-destacadas","tag-felix-salgado-macedonio","tag-instituto-electoral-y-de-participacion-ciudadana-iepc","tag-instituto-federal-electoral-ine","tag-tribunal-electoral-del-poder-judicial-de-la-federacion-tepjf"],"_links":{"self":[{"href":"https:\/\/www.acapulcopress.com\/index.php\/wp-json\/wp\/v2\/posts\/1223708","targetHints":{"allow":["GET"]}}],"collection":[{"href":"https:\/\/www.acapulcopress.com\/index.php\/wp-json\/wp\/v2\/posts"}],"about":[{"href":"https:\/\/www.acapulcopress.com\/index.php\/wp-json\/wp\/v2\/types\/post"}],"author":[{"embeddable":true,"href":"https:\/\/www.acapulcopress.com\/index.php\/wp-json\/wp\/v2\/users\/2"}],"replies":[{"embeddable":true,"href":"https:\/\/www.acapulcopress.com\/index.php\/wp-json\/wp\/v2\/comments?post=1223708"}],"version-history":[{"count":0,"href":"https:\/\/www.acapulcopress.com\/index.php\/wp-json\/wp\/v2\/posts\/1223708\/revisions"}],"wp:featuredmedia":[{"embeddable":true,"href":"https:\/\/www.acapulcopress.com\/index.php\/wp-json\/"}],"wp:attachment":[{"href":"https:\/\/www.acapulcopress.com\/index.php\/wp-json\/wp\/v2\/media?parent=1223708"}],"wp:term":[{"taxonomy":"category","embeddable":true,"href":"https:\/\/www.acapulcopress.com\/index.php\/wp-json\/wp\/v2\/categories?post=1223708"},{"taxonomy":"post_tag","embeddable":true,"href":"https:\/\/www.acapulcopress.com\/index.php\/wp-json\/wp\/v2\/tags?post=1223708"}],"curies":[{"name":"wp","href":"https:\/\/api.w.org\/{rel}","templated":true}]}}