{"id":1223732,"date":"2021-03-30T23:08:28","date_gmt":"2021-03-31T05:08:28","guid":{"rendered":"https:\/\/www.acapulcopress.com\/?p=1223732"},"modified":"2021-03-30T23:08:28","modified_gmt":"2021-03-31T05:08:28","slug":"mexico-acumulo-202-mil-633-fallecimientos-por-covid19-informa-salud-federal","status":"publish","type":"post","link":"https:\/\/www.acapulcopress.com\/index.php\/2021\/03\/30\/mexico-acumulo-202-mil-633-fallecimientos-por-covid19-informa-salud-federal\/","title":{"rendered":"M\u00e9xico acumul\u00f3 202 mil 633 fallecimientos por Covid19, informa Salud federal"},"content":{"rendered":"<p style=\"text-align: justify;\">CIUDAD DE M\u00c9XICO. * 30 de marzo de 2021.<br \/>\n<em>] <a href=\"https:\/\/www.forbes.com.mx\/salud-reporta-acumulado-de-202633-fallecimientos-por-covid-19-en-mexico\/\" target=\"_blank\" rel=\"noopener\">Forbes<\/a>.<\/em><\/p>\n<p style=\"text-align: justify;\">M\u00e9xico acumul\u00f3 este martes 202,633 muertes vinculadas al Covid-19 desde que empez\u00f3 la pandemia, con las 807 reportadas en el \u00faltimo d\u00eda, inform\u00f3 este martes la secretar\u00eda de Salud (Ssa).<\/p>\n<p style=\"text-align: justify;\">En conferencia de prensa, Ruy L\u00f3pez Ridaura, director general del Centro Nacional de Programas Preventivos y Control de Enfermedades, indic\u00f3 que hay 2,427,325 casos estimados en M\u00e9xico, de los cuales el 1% representan a la epidemia activa, es decir, 31,865 personas.<\/p>\n<p style=\"text-align: justify;\">En cuanto a los casos confirmados, el pa\u00eds sum\u00f3 5,068 nuevos contagios en el \u00faltimo d\u00eda por lo que el acumulado es de 2,232,910.<\/p>\n<p style=\"text-align: justify;\">Durante el informe t\u00e9cnico diario, el funcionario se\u00f1al\u00f3 que 1,769,256 personas se han recuperado del coronavirus.<\/p>\n<p style=\"text-align: justify;\">L\u00f3pez Ridaura agreg\u00f3 que la ocupaci\u00f3n hospitalaria general en todo el pa\u00eds es de 19% y que no hay ninguna estado por encima del 50%, mientras que s\u00f3lo hay 2 entidades entre el 30 y 49%, entre ellas la Ciudad de M\u00e9xico.<\/p>\n<p style=\"text-align: justify;\">En ese sentido, a\u00f1adi\u00f3 que en camas con ventilador hay un saturaci\u00f3n del 23% en el pa\u00eds y no hay ninguna entidad por encima del 50% de ocupaci\u00f3n en este rubro y 6 est\u00e1n entre 30 y 49%.<\/p>\n<p style=\"text-align: justify;\">El funcionario agreg\u00f3 que al corte de este martes a las 16:00 horas se aplicaron 254,821 vacunas contra el Covid-19.<\/p>\n<p style=\"text-align: justify;\">Con ello, apunt\u00f3 que hay un acumulado de 7,404,912 dosis en M\u00e9xico.<\/p>\n","protected":false},"excerpt":{"rendered":"<p>CIUDAD DE M\u00c9XICO. * 30 de marzo de 2021. ] Forbes. M\u00e9xico acumul\u00f3 este martes 202,633 muertes vinculadas al Covid-19 desde que empez\u00f3 la pandemia, con las 807 reportadas en el \u00faltimo d\u00eda, inform\u00f3 este martes la secretar\u00eda de Salud (Ssa). En conferencia de prensa, Ruy L\u00f3pez Ridaura, director general del Centro Nacional de Programas&#8230;<\/p>\n","protected":false},"author":2,"featured_media":1223734,"comment_status":"closed","ping_status":"closed","sticky":false,"template":"","format":"standard","meta":{"footnotes":""},"categories":[1969],"tags":[5571,6705,15888],"class_list":["post-1223732","post","type-post","status-publish","format-standard","has-post-thumbnail","hentry","category-trending","tag-centro-nacional-de-programas-preventivos-y-control-de-enfermedades","tag-covid19","tag-ruy-lopez-ridaura"],"_links":{"self":[{"href":"https:\/\/www.acapulcopress.com\/index.php\/wp-json\/wp\/v2\/posts\/1223732","targetHints":{"allow":["GET"]}}],"collection":[{"href":"https:\/\/www.acapulcopress.com\/index.php\/wp-json\/wp\/v2\/posts"}],"about":[{"href":"https:\/\/www.acapulcopress.com\/index.php\/wp-json\/wp\/v2\/types\/post"}],"author":[{"embeddable":true,"href":"https:\/\/www.acapulcopress.com\/index.php\/wp-json\/wp\/v2\/users\/2"}],"replies":[{"embeddable":true,"href":"https:\/\/www.acapulcopress.com\/index.php\/wp-json\/wp\/v2\/comments?post=1223732"}],"version-history":[{"count":0,"href":"https:\/\/www.acapulcopress.com\/index.php\/wp-json\/wp\/v2\/posts\/1223732\/revisions"}],"wp:featuredmedia":[{"embeddable":true,"href":"https:\/\/www.acapulcopress.com\/index.php\/wp-json\/"}],"wp:attachment":[{"href":"https:\/\/www.acapulcopress.com\/index.php\/wp-json\/wp\/v2\/media?parent=1223732"}],"wp:term":[{"taxonomy":"category","embeddable":true,"href":"https:\/\/www.acapulcopress.com\/index.php\/wp-json\/wp\/v2\/categories?post=1223732"},{"taxonomy":"post_tag","embeddable":true,"href":"https:\/\/www.acapulcopress.com\/index.php\/wp-json\/wp\/v2\/tags?post=1223732"}],"curies":[{"name":"wp","href":"https:\/\/api.w.org\/{rel}","templated":true}]}}