{"id":1223794,"date":"2021-04-01T17:49:24","date_gmt":"2021-04-01T23:49:24","guid":{"rendered":"https:\/\/www.acapulcopress.com\/?p=1223794"},"modified":"2021-04-01T17:49:24","modified_gmt":"2021-04-01T23:49:24","slug":"fge-captura-dos-individuos-uno-por-robo-y-lesiones-y-otro-por-fraude","status":"publish","type":"post","link":"https:\/\/www.acapulcopress.com\/index.php\/2021\/04\/01\/fge-captura-dos-individuos-uno-por-robo-y-lesiones-y-otro-por-fraude\/","title":{"rendered":"FGE captura dos individuos: Uno por robo y lesiones y otro por fraude"},"content":{"rendered":"<p style=\"text-align: justify;\">ACAPULCO. * 1 de abril de 2021.<br \/>\n<em>] <a href=\"https:\/\/fiscaliaguerrero.gob.mx\" target=\"_blank\" rel=\"noopener\">https:\/\/fiscaliaguerrero.gob.mx<\/a>.<\/em><\/p>\n<p style=\"text-align: justify;\">Fiscal\u00eda de Guerrero, a trav\u00e9s de la Polic\u00eda Investigadora Ministerial de Tecpan de Galeana, dio cumplimiento a la orden de aprehensi\u00f3n en contra de Bernab\u00e9 \u00abN\u00bb, detenido en carretera federal Acapulco-Zihuatanejo cerca de la caseta de cobro como probable responsable del delito de Robo y Lesiones Calificadas en agravio de Ra\u00fal \u00abN\u00bb, quedando a disposici\u00f3n del Juez de Primera Instancia Penal del Distrito Judicial de Galeana.<\/p>\n<p style=\"text-align: justify;\">As\u00ed mismo, en Acapulco, la Polic\u00eda Investigadora Ministerial adscrita en Acapulco, cumpliment\u00f3 la orden de aprehensi\u00f3n en contra de Emilio \u00abN\u00bb, como probable responsable del delito de Fraude, hechos en la causa penal 96\/2012 quedando ante el Juez Tercero de Primera Instancia del Distrito de Tabares.<\/p>\n<p><img loading=\"lazy\" decoding=\"async\" class=\"alignleft size-medium wp-image-1223796\" src=\"https:\/\/www.acapulco.press\/wp-content\/uploads\/2021\/04\/fge-emilio-fraude-375x375.jpg\" alt=\"\" width=\"375\" height=\"375\" \/><\/p>\n","protected":false},"excerpt":{"rendered":"<p>ACAPULCO. * 1 de abril de 2021. ] https:\/\/fiscaliaguerrero.gob.mx. Fiscal\u00eda de Guerrero, a trav\u00e9s de la Polic\u00eda Investigadora Ministerial de Tecpan de Galeana, dio cumplimiento a la orden de aprehensi\u00f3n en contra de Bernab\u00e9 \u00abN\u00bb, detenido en carretera federal Acapulco-Zihuatanejo cerca de la caseta de cobro como probable responsable del delito de Robo y Lesiones&#8230;<\/p>\n","protected":false},"author":2,"featured_media":1223795,"comment_status":"closed","ping_status":"closed","sticky":false,"template":"","format":"standard","meta":{"footnotes":""},"categories":[18561,2005],"tags":[8682,10946,14737],"class_list":["post-1223794","post","type-post","status-publish","format-standard","has-post-thumbnail","hentry","category-society-politics","category-seguridad-y-justicia","tag-fiscalia-general-de-guerrero-fge","tag-jorge-zuriel-de-los-santos-barrila","tag-policia-ministerial-de-guerrero"],"_links":{"self":[{"href":"https:\/\/www.acapulcopress.com\/index.php\/wp-json\/wp\/v2\/posts\/1223794","targetHints":{"allow":["GET"]}}],"collection":[{"href":"https:\/\/www.acapulcopress.com\/index.php\/wp-json\/wp\/v2\/posts"}],"about":[{"href":"https:\/\/www.acapulcopress.com\/index.php\/wp-json\/wp\/v2\/types\/post"}],"author":[{"embeddable":true,"href":"https:\/\/www.acapulcopress.com\/index.php\/wp-json\/wp\/v2\/users\/2"}],"replies":[{"embeddable":true,"href":"https:\/\/www.acapulcopress.com\/index.php\/wp-json\/wp\/v2\/comments?post=1223794"}],"version-history":[{"count":0,"href":"https:\/\/www.acapulcopress.com\/index.php\/wp-json\/wp\/v2\/posts\/1223794\/revisions"}],"wp:featuredmedia":[{"embeddable":true,"href":"https:\/\/www.acapulcopress.com\/index.php\/wp-json\/"}],"wp:attachment":[{"href":"https:\/\/www.acapulcopress.com\/index.php\/wp-json\/wp\/v2\/media?parent=1223794"}],"wp:term":[{"taxonomy":"category","embeddable":true,"href":"https:\/\/www.acapulcopress.com\/index.php\/wp-json\/wp\/v2\/categories?post=1223794"},{"taxonomy":"post_tag","embeddable":true,"href":"https:\/\/www.acapulcopress.com\/index.php\/wp-json\/wp\/v2\/tags?post=1223794"}],"curies":[{"name":"wp","href":"https:\/\/api.w.org\/{rel}","templated":true}]}}