{"id":1223801,"date":"2021-04-01T18:41:46","date_gmt":"2021-04-02T00:41:46","guid":{"rendered":"https:\/\/www.acapulcopress.com\/?p=1223801"},"modified":"2021-04-01T18:41:46","modified_gmt":"2021-04-02T00:41:46","slug":"morenistas-exigen-cabeza-de-marcial-rodriguez-por-caida-de-candidatura-de-felix","status":"publish","type":"post","link":"https:\/\/www.acapulcopress.com\/index.php\/2021\/04\/01\/morenistas-exigen-cabeza-de-marcial-rodriguez-por-caida-de-candidatura-de-felix\/","title":{"rendered":"Morenistas exigen &#8216;cabeza&#8217; de Marcial Rodr\u00edguez por ca\u00edda de candidatura de #F\u00e9lix"},"content":{"rendered":"<p style=\"text-align: justify;\">\u00bb <strong>Redacci\u00f3n<\/strong>.<br \/>\nCHILPANCINGO. * 1 de abril de 2021.<br \/>\n]\u00a0 Im\u00e1genes: <strong>Cristhian Cuchillo<\/strong> \/ <em>Facebook.<\/em><\/p>\n<p style=\"text-align: justify;\">Militantes y simpatizantes participantes en la &#8216;megamarcha&#8217; de apoyo a F\u00e9lix Salgado Macedonio exigieron la renuncia de Marcial Rodr\u00edguez Salda\u00f1a como dirigente estatal de Morena en Guerrero tras de hallarlo responsable <img loading=\"lazy\" decoding=\"async\" class=\"alignleft size-medium wp-image-1223804\" src=\"https:\/\/www.acapulco.press\/wp-content\/uploads\/2021\/04\/MARCIAL-RATA-375x281.jpg\" alt=\"\" width=\"375\" height=\"281\" \/>de la omisi\u00f3n que caus\u00f3 la p\u00e9rdida de la candidatura del &#8216;Toro&#8217; a la gubernatura del estado.<\/p>\n<p style=\"text-align: justify;\">Con cartulinas con ratas y talegas de dinero pintadas que dec\u00edan \u00abFuera Marcial, en Guerrero no te queremos\u00bb, \u00abEsther y Marcial, par de ratas\u00bb (Esther Araceli G\u00f3mez Ram\u00edrez es secretaria de la Diversidad del Comit\u00e9 Ejecutivo Nacional de Morena) y \u00abFuera Ineptos\u00bb, los manifestantes lamentaron que Rodr\u00edguez Salda\u00f1a se jacte ser &#8216;Doctor en Derecho\u00bb y no conozca de leyes.<\/p>\n<p style=\"text-align: justify;\">La alusi\u00f3n fue directa al hecho que por culpa del &#8216;secretario general con funciones de presidente&#8217; de Morena Guerrero no se haya presentado un informe de gastos de precampa\u00f1a del <img loading=\"lazy\" decoding=\"async\" class=\"alignleft size-medium wp-image-1223802\" src=\"https:\/\/www.acapulco.press\/wp-content\/uploads\/2021\/04\/ESTHER-Y-MARCIAL-INEPTOS-375x281.jpg\" alt=\"\" width=\"375\" height=\"281\" \/>candidato de Morena a la Gubernatura de Guerrero, hecho que ocasion\u00f3 la sanci\u00f3n del INE a F\u00e9lix Salgado Macedonio con la invalidaci\u00f3n de su candidatura.<\/p>\n<p style=\"text-align: justify;\">Durante la &#8216;megamarcha&#8217; de apoyo a Salgado, mientras unos aclamaban a F\u00e9lix otros exig\u00edan la cabeza del inepto dirigente estatal de Morena en Guerrero, Marcial Rodr\u00edguez Salda\u00f1a, contra quien exigieron sea investigado exhaustivamente para aclarar la falta de transparencia de los recursos en Morena y la dolosa omisi\u00f3n en la rendici\u00f3n de cuentas financieras ante el <em>Sistema Integral de Fiscalizaci\u00f3n (SIF)<\/em> del Instituto Nacional Electoral (INE) de los precandidatos de Morena en Guerrero, entre ellos F\u00e9lix Salgado Macedonio.<\/p>\n<p style=\"text-align: justify;\"><img loading=\"lazy\" decoding=\"async\" class=\"alignleft size-medium wp-image-1223803\" src=\"https:\/\/www.acapulco.press\/wp-content\/uploads\/2021\/04\/ESTHER-Y-MARCIAL-RATA-375x281.jpg\" alt=\"\" width=\"375\" height=\"281\" \/>La destituci\u00f3n de Marcial Rodr\u00edguez ha sido solicitada en cuatro ocasiones anteriores ante la Comisi\u00f3n Nacional de Honestidad y Justicia (CNHJ) de Morena por \u00abviolentar los estatutos del partido\u00bb y su intransparente \u00abcacicazgo\u00bb en Morena Guerrero, donde no hay rendici\u00f3n de cuentas ni de los recursos que administra ni de las verdaderas funciones que ejerce en beneficio de la militancia.<\/p>\n<p style=\"text-align: justify;\">El mismo caso ha aplicado a Esther Araceli G\u00f3mez Ram\u00edrez, Jos\u00e9 Luis Rend\u00f3n Castro, Bernarda Leovigila Ch\u00e1vez Hern\u00e1ndez, Marben de la Cruz Santiago y Fortunato Hern\u00e1ndez Carbajal, todos incondicionales de Marcial Rodr\u00edguez a quienes a algunos de ellos premi\u00f3 con diputaciones plurinominales en la presente elecci\u00f3n, pero por extra\u00f1as razones jam\u00e1s se han escuchado los clamores ni las denuncias de los militantes, que una vez m\u00e1s exigen las cabezas de ambos personajes que tienen secuestrado el Comit\u00e9 Ejecutivo Estatal de Morena Guerrero, seg\u00fan denuncias de morenistas de la corriente &#8216;pablista&#8217; y otros simpatizantes que marcharon ayer en Chilpancingo apoyando a F\u00e9lix Salgado en su demanda de restituci\u00f3n de su candidatura perdida por culpa de Marcial Rodr\u00edguez, directamente, tal y como se lee en la publicaci\u00f3n del autor de las im\u00e1genes, <a href=\"https:\/\/www.facebook.com\/permalink.php?story_fbid=1165688190564274&amp;id=100013693125800\" target=\"_blank\" rel=\"noopener\">Cristhian Cuchillo<\/a>, en <em>Facebook.<\/em><\/p>\n","protected":false},"excerpt":{"rendered":"<p>\u00bb Redacci\u00f3n. CHILPANCINGO. * 1 de abril de 2021. ]\u00a0 Im\u00e1genes: Cristhian Cuchillo \/ Facebook. Militantes y simpatizantes participantes en la &#8216;megamarcha&#8217; de apoyo a F\u00e9lix Salgado Macedonio exigieron la renuncia de Marcial Rodr\u00edguez Salda\u00f1a como dirigente estatal de Morena en Guerrero tras de hallarlo responsable de la omisi\u00f3n que caus\u00f3 la p\u00e9rdida de la&#8230;<\/p>\n","protected":false},"author":2,"featured_media":1223803,"comment_status":"closed","ping_status":"closed","sticky":false,"template":"","format":"standard","meta":{"footnotes":""},"categories":[1969,2053,1972],"tags":[4706,8178,8467,8832,10337,11068,12432,12457,13305,14123,16717],"class_list":["post-1223801","post","type-post","status-publish","format-standard","has-post-thumbnail","hentry","category-trending","category-elecciones-special","category-special","tag-bernarda-leovigila-chavez-hernandez","tag-esther-araceli-gomez-ramirez","tag-felix-salgado-macedonio","tag-fortunato-hernandez-carbajal","tag-instituto-nacional-electoral-ine","tag-jose-luis-rendon-castro","tag-marben-de-la-cruz-santiago","tag-marcial-rodriguez-saldana","tag-morena-guerrero","tag-pablo-amilcar-sandoval-ballesteros","tag-sistema-integral-de-fiscalizacion-sif"],"_links":{"self":[{"href":"https:\/\/www.acapulcopress.com\/index.php\/wp-json\/wp\/v2\/posts\/1223801","targetHints":{"allow":["GET"]}}],"collection":[{"href":"https:\/\/www.acapulcopress.com\/index.php\/wp-json\/wp\/v2\/posts"}],"about":[{"href":"https:\/\/www.acapulcopress.com\/index.php\/wp-json\/wp\/v2\/types\/post"}],"author":[{"embeddable":true,"href":"https:\/\/www.acapulcopress.com\/index.php\/wp-json\/wp\/v2\/users\/2"}],"replies":[{"embeddable":true,"href":"https:\/\/www.acapulcopress.com\/index.php\/wp-json\/wp\/v2\/comments?post=1223801"}],"version-history":[{"count":0,"href":"https:\/\/www.acapulcopress.com\/index.php\/wp-json\/wp\/v2\/posts\/1223801\/revisions"}],"wp:featuredmedia":[{"embeddable":true,"href":"https:\/\/www.acapulcopress.com\/index.php\/wp-json\/"}],"wp:attachment":[{"href":"https:\/\/www.acapulcopress.com\/index.php\/wp-json\/wp\/v2\/media?parent=1223801"}],"wp:term":[{"taxonomy":"category","embeddable":true,"href":"https:\/\/www.acapulcopress.com\/index.php\/wp-json\/wp\/v2\/categories?post=1223801"},{"taxonomy":"post_tag","embeddable":true,"href":"https:\/\/www.acapulcopress.com\/index.php\/wp-json\/wp\/v2\/tags?post=1223801"}],"curies":[{"name":"wp","href":"https:\/\/api.w.org\/{rel}","templated":true}]}}